{"id":26963,"date":"2020-11-30T14:54:49","date_gmt":"2020-11-30T13:54:49","guid":{"rendered":"https:\/\/www.lesacduberger.com\/?p=26963"},"modified":"2025-02-28T15:08:26","modified_gmt":"2025-02-28T14:08:26","slug":"interview-at-the-agriculture-show","status":"publish","type":"post","link":"https:\/\/www.lesacduberger.com\/en\/interview-at-the-agriculture-show\/","title":{"rendered":"Interview at the Salon de l'Agriculture"},"content":{"rendered":"<p>At the Salon de l'Agriculture in Paris in March 2016, Jean-Pierre Romiguier was interviewed about his plans to revive the wool industry in southern Aveyron.<\/p>\n\n\n\n<p>A great opportunity to show the general public how we manage to add value to locally-produced wool through our products.<\/p>\n\n\n\n<figure class=\"wp-block-image size-large is-style-default\"><img fetchpriority=\"high\" decoding=\"async\" width=\"988\" height=\"1024\" src=\"https:\/\/www.lesacduberger.com\/wp-content\/uploads\/2020\/11\/20160609162001-988x1024.jpg\" alt=\"At the Salon de l&#039;Agriculture in Paris in March 2016, Jean-Pierre Romiguier was interviewed about his plans to revive the wool industry in southern Aveyron.\" class=\"wp-image-26964\" srcset=\"https:\/\/www.lesacduberger.com\/wp-content\/uploads\/2020\/11\/20160609162001-988x1024.jpg 988w, https:\/\/www.lesacduberger.com\/wp-content\/uploads\/2020\/11\/20160609162001-220x228.jpg 220w, https:\/\/www.lesacduberger.com\/wp-content\/uploads\/2020\/11\/20160609162001-768x796.jpg 768w, https:\/\/www.lesacduberger.com\/wp-content\/uploads\/2020\/11\/20160609162001-800x829.jpg 800w, https:\/\/www.lesacduberger.com\/wp-content\/uploads\/2020\/11\/20160609162001.jpg 1181w\" sizes=\"(max-width: 988px) 100vw, 988px\" \/><figcaption class=\"wp-element-caption\">Image<\/figcaption><\/figure>\n\n\n\n<p><\/p>","protected":false},"excerpt":{"rendered":"<p>Lors du salon de l\u2019agriculture de Paris en mars 2016, Jean-Pierre Romiguier a \u00e9t\u00e9 interview\u00e9 quant \u00e0 son projet de relance de la fili\u00e8re laine dans le sud-Aveyron. Une belle occasion de montrer au grand public comment nous arrivons \u00e0 valoriser de la laine produite localement au travers de nos produits.<\/p>","protected":false},"author":1,"featured_media":26964,"comment_status":"open","ping_status":"open","sticky":false,"template":"","format":"standard","meta":{"footnotes":""},"categories":[1214],"tags":[],"class_list":["post-26963","post","type-post","status-publish","format-standard","has-post-thumbnail","hentry","category-revue-de-presse"],"yoast_head":"<!-- This site is optimized with the Yoast SEO plugin v27.1.1 - https:\/\/yoast.com\/product\/yoast-seo-wordpress\/ -->\n<title>Interview lors du salon de l&#039;agriculture - Le Sac du Berger<\/title>\n<meta name=\"description\" content=\"Lors du salon de l\u2019agriculture de Paris en mars 2016, Jean-Pierre Romiguier a \u00e9t\u00e9 interview\u00e9 quant \u00e0 son projet de relance de la fili\u00e8re laine dans le sud-Aveyron.\" \/>\n<meta name=\"robots\" content=\"index, follow, max-snippet:-1, max-image-preview:large, max-video-preview:-1\" \/>\n<link rel=\"canonical\" href=\"https:\/\/www.lesacduberger.com\/en\/interview-at-the-agriculture-show\/\" \/>\n<meta property=\"og:locale\" content=\"en_US\" \/>\n<meta property=\"og:title\" content=\"Interview lors du salon de l&#039;agriculture - Le Sac du Berger\" \/>\n<meta property=\"og:description\" content=\"Lors du salon de l\u2019agriculture de Paris en mars 2016, Jean-Pierre Romiguier a \u00e9t\u00e9 interview\u00e9 quant \u00e0 son projet de relance de la fili\u00e8re laine dans le sud-Aveyron.\" \/>\n<meta property=\"og:url\" content=\"https:\/\/www.lesacduberger.com\/en\/interview-at-the-agriculture-show\/\" \/>\n<meta property=\"og:site_name\" content=\"Le Sac du Berger\" \/>\n<meta property=\"article:publisher\" content=\"https:\/\/www.facebook.com\/lesacduberger\" \/>\n<meta property=\"article:published_time\" content=\"2020-11-30T13:54:49+00:00\" \/>\n<meta property=\"article:modified_time\" content=\"2025-02-28T14:08:26+00:00\" \/>\n<meta property=\"og:image\" content=\"https:\/\/www.lesacduberger.com\/wp-content\/uploads\/2020\/11\/20160609162001.jpg\" \/>\n\t<meta property=\"og:image:width\" content=\"1181\" \/>\n\t<meta property=\"og:image:height\" content=\"1224\" \/>\n\t<meta property=\"og:image:type\" content=\"image\/jpeg\" \/>\n<meta name=\"author\" content=\"BM Services\" \/>\n<meta name=\"twitter:card\" content=\"summary_large_image\" \/>\n<script type=\"application\/ld+json\" class=\"yoast-schema-graph\">{\"@context\":\"https:\/\/schema.org\",\"@graph\":[{\"@type\":\"Article\",\"@id\":\"https:\/\/www.lesacduberger.com\/interview-lors-du-salon-de-lagriculture\/#article\",\"isPartOf\":{\"@id\":\"https:\/\/www.lesacduberger.com\/interview-lors-du-salon-de-lagriculture\/\"},\"author\":{\"name\":\"BM Services\",\"@id\":\"https:\/\/www.lesacduberger.com\/#\/schema\/person\/8f83e0496a6267e96189d3b328d5219f\"},\"headline\":\"Interview lors du salon de l&rsquo;agriculture\",\"datePublished\":\"2020-11-30T13:54:49+00:00\",\"dateModified\":\"2025-02-28T14:08:26+00:00\",\"mainEntityOfPage\":{\"@id\":\"https:\/\/www.lesacduberger.com\/interview-lors-du-salon-de-lagriculture\/\"},\"wordCount\":58,\"commentCount\":0,\"publisher\":{\"@id\":\"https:\/\/www.lesacduberger.com\/#organization\"},\"image\":{\"@id\":\"https:\/\/www.lesacduberger.com\/interview-lors-du-salon-de-lagriculture\/#primaryimage\"},\"thumbnailUrl\":\"https:\/\/www.lesacduberger.com\/wp-content\/uploads\/2020\/11\/20160609162001.jpg\",\"articleSection\":[\"Revue de presse\"],\"inLanguage\":\"en-US\",\"potentialAction\":[{\"@type\":\"CommentAction\",\"name\":\"Comment\",\"target\":[\"https:\/\/www.lesacduberger.com\/interview-lors-du-salon-de-lagriculture\/#respond\"]}]},{\"@type\":\"WebPage\",\"@id\":\"https:\/\/www.lesacduberger.com\/interview-lors-du-salon-de-lagriculture\/\",\"url\":\"https:\/\/www.lesacduberger.com\/interview-lors-du-salon-de-lagriculture\/\",\"name\":\"Interview lors du salon de l'agriculture - Le Sac du Berger\",\"isPartOf\":{\"@id\":\"https:\/\/www.lesacduberger.com\/#website\"},\"primaryImageOfPage\":{\"@id\":\"https:\/\/www.lesacduberger.com\/interview-lors-du-salon-de-lagriculture\/#primaryimage\"},\"image\":{\"@id\":\"https:\/\/www.lesacduberger.com\/interview-lors-du-salon-de-lagriculture\/#primaryimage\"},\"thumbnailUrl\":\"https:\/\/www.lesacduberger.com\/wp-content\/uploads\/2020\/11\/20160609162001.jpg\",\"datePublished\":\"2020-11-30T13:54:49+00:00\",\"dateModified\":\"2025-02-28T14:08:26+00:00\",\"description\":\"Lors du salon de l\u2019agriculture de Paris en mars 2016, Jean-Pierre Romiguier a \u00e9t\u00e9 interview\u00e9 quant \u00e0 son projet de relance de la fili\u00e8re laine dans le sud-Aveyron.\",\"breadcrumb\":{\"@id\":\"https:\/\/www.lesacduberger.com\/interview-lors-du-salon-de-lagriculture\/#breadcrumb\"},\"inLanguage\":\"en-US\",\"potentialAction\":[{\"@type\":\"ReadAction\",\"target\":[\"https:\/\/www.lesacduberger.com\/interview-lors-du-salon-de-lagriculture\/\"]}]},{\"@type\":\"ImageObject\",\"inLanguage\":\"en-US\",\"@id\":\"https:\/\/www.lesacduberger.com\/interview-lors-du-salon-de-lagriculture\/#primaryimage\",\"url\":\"https:\/\/www.lesacduberger.com\/wp-content\/uploads\/2020\/11\/20160609162001.jpg\",\"contentUrl\":\"https:\/\/www.lesacduberger.com\/wp-content\/uploads\/2020\/11\/20160609162001.jpg\",\"width\":1181,\"height\":1224,\"caption\":\"Image\"},{\"@type\":\"BreadcrumbList\",\"@id\":\"https:\/\/www.lesacduberger.com\/interview-lors-du-salon-de-lagriculture\/#breadcrumb\",\"itemListElement\":[{\"@type\":\"ListItem\",\"position\":1,\"name\":\"Accueil\",\"item\":\"https:\/\/www.lesacduberger.com\/\"},{\"@type\":\"ListItem\",\"position\":2,\"name\":\"Interview lors du sa&hellip;\"}]},{\"@type\":\"WebSite\",\"@id\":\"https:\/\/www.lesacduberger.com\/#website\",\"url\":\"https:\/\/www.lesacduberger.com\/\",\"name\":\"Le Sac du Berger\",\"description\":\"\",\"publisher\":{\"@id\":\"https:\/\/www.lesacduberger.com\/#organization\"},\"potentialAction\":[{\"@type\":\"SearchAction\",\"target\":{\"@type\":\"EntryPoint\",\"urlTemplate\":\"https:\/\/www.lesacduberger.com\/?s={search_term_string}\"},\"query-input\":{\"@type\":\"PropertyValueSpecification\",\"valueRequired\":true,\"valueName\":\"search_term_string\"}}],\"inLanguage\":\"en-US\"},{\"@type\":\"Organization\",\"@id\":\"https:\/\/www.lesacduberger.com\/#organization\",\"name\":\"Le Sac du Berger\",\"url\":\"https:\/\/www.lesacduberger.com\/\",\"logo\":{\"@type\":\"ImageObject\",\"inLanguage\":\"en-US\",\"@id\":\"https:\/\/www.lesacduberger.com\/#\/schema\/logo\/image\/\",\"url\":\"https:\/\/www.lesacduberger.com\/wp-content\/uploads\/2020\/09\/Logo-Sac-du-Berger-blanc-OK.png\",\"contentUrl\":\"https:\/\/www.lesacduberger.com\/wp-content\/uploads\/2020\/09\/Logo-Sac-du-Berger-blanc-OK.png\",\"width\":2093,\"height\":510,\"caption\":\"Le Sac du Berger\"},\"image\":{\"@id\":\"https:\/\/www.lesacduberger.com\/#\/schema\/logo\/image\/\"},\"sameAs\":[\"https:\/\/www.facebook.com\/lesacduberger\",\"https:\/\/www.instagram.com\/lesacduberger\/?hl=fr\"]},{\"@type\":\"Person\",\"@id\":\"https:\/\/www.lesacduberger.com\/#\/schema\/person\/8f83e0496a6267e96189d3b328d5219f\",\"name\":\"BM Services\",\"image\":{\"@type\":\"ImageObject\",\"inLanguage\":\"en-US\",\"@id\":\"https:\/\/www.lesacduberger.com\/#\/schema\/person\/image\/\",\"url\":\"https:\/\/secure.gravatar.com\/avatar\/707b0badaed34da3c067de8c21c5d2c0fe4de97536d236fcca5b4871cc528201?s=96&d=mm&r=g\",\"contentUrl\":\"https:\/\/secure.gravatar.com\/avatar\/707b0badaed34da3c067de8c21c5d2c0fe4de97536d236fcca5b4871cc528201?s=96&d=mm&r=g\",\"caption\":\"BM Services\"},\"sameAs\":[\"https:\/\/www.lesacduberger.com\"]}]}<\/script>\n<!-- \/ Yoast SEO plugin. -->","yoast_head_json":{"title":"Interview at the Salon de l'Agriculture - Le Sac du Berger","description":"At the Salon de l'Agriculture in Paris in March 2016, Jean-Pierre Romiguier was interviewed about his plans to revive the wool industry in southern Aveyron.","robots":{"index":"index","follow":"follow","max-snippet":"max-snippet:-1","max-image-preview":"max-image-preview:large","max-video-preview":"max-video-preview:-1"},"canonical":"https:\/\/www.lesacduberger.com\/en\/interview-at-the-agriculture-show\/","og_locale":"en_US","og_title":"Interview lors du salon de l'agriculture - Le Sac du Berger","og_description":"Lors du salon de l\u2019agriculture de Paris en mars 2016, Jean-Pierre Romiguier a \u00e9t\u00e9 interview\u00e9 quant \u00e0 son projet de relance de la fili\u00e8re laine dans le sud-Aveyron.","og_url":"https:\/\/www.lesacduberger.com\/en\/interview-at-the-agriculture-show\/","og_site_name":"Le Sac du Berger","article_publisher":"https:\/\/www.facebook.com\/lesacduberger","article_published_time":"2020-11-30T13:54:49+00:00","article_modified_time":"2025-02-28T14:08:26+00:00","og_image":[{"width":1181,"height":1224,"url":"https:\/\/www.lesacduberger.com\/wp-content\/uploads\/2020\/11\/20160609162001.jpg","type":"image\/jpeg"}],"author":"BM Services","twitter_card":"summary_large_image","schema":{"@context":"https:\/\/schema.org","@graph":[{"@type":"Article","@id":"https:\/\/www.lesacduberger.com\/interview-lors-du-salon-de-lagriculture\/#article","isPartOf":{"@id":"https:\/\/www.lesacduberger.com\/interview-lors-du-salon-de-lagriculture\/"},"author":{"name":"BM Services","@id":"https:\/\/www.lesacduberger.com\/#\/schema\/person\/8f83e0496a6267e96189d3b328d5219f"},"headline":"Interview lors du salon de l&rsquo;agriculture","datePublished":"2020-11-30T13:54:49+00:00","dateModified":"2025-02-28T14:08:26+00:00","mainEntityOfPage":{"@id":"https:\/\/www.lesacduberger.com\/interview-lors-du-salon-de-lagriculture\/"},"wordCount":58,"commentCount":0,"publisher":{"@id":"https:\/\/www.lesacduberger.com\/#organization"},"image":{"@id":"https:\/\/www.lesacduberger.com\/interview-lors-du-salon-de-lagriculture\/#primaryimage"},"thumbnailUrl":"https:\/\/www.lesacduberger.com\/wp-content\/uploads\/2020\/11\/20160609162001.jpg","articleSection":["Revue de presse"],"inLanguage":"en-US","potentialAction":[{"@type":"CommentAction","name":"Comment","target":["https:\/\/www.lesacduberger.com\/interview-lors-du-salon-de-lagriculture\/#respond"]}]},{"@type":"WebPage","@id":"https:\/\/www.lesacduberger.com\/interview-lors-du-salon-de-lagriculture\/","url":"https:\/\/www.lesacduberger.com\/interview-lors-du-salon-de-lagriculture\/","name":"Interview at the Salon de l'Agriculture - Le Sac du Berger","isPartOf":{"@id":"https:\/\/www.lesacduberger.com\/#website"},"primaryImageOfPage":{"@id":"https:\/\/www.lesacduberger.com\/interview-lors-du-salon-de-lagriculture\/#primaryimage"},"image":{"@id":"https:\/\/www.lesacduberger.com\/interview-lors-du-salon-de-lagriculture\/#primaryimage"},"thumbnailUrl":"https:\/\/www.lesacduberger.com\/wp-content\/uploads\/2020\/11\/20160609162001.jpg","datePublished":"2020-11-30T13:54:49+00:00","dateModified":"2025-02-28T14:08:26+00:00","description":"At the Salon de l'Agriculture in Paris in March 2016, Jean-Pierre Romiguier was interviewed about his plans to revive the wool industry in southern Aveyron.","breadcrumb":{"@id":"https:\/\/www.lesacduberger.com\/interview-lors-du-salon-de-lagriculture\/#breadcrumb"},"inLanguage":"en-US","potentialAction":[{"@type":"ReadAction","target":["https:\/\/www.lesacduberger.com\/interview-lors-du-salon-de-lagriculture\/"]}]},{"@type":"ImageObject","inLanguage":"en-US","@id":"https:\/\/www.lesacduberger.com\/interview-lors-du-salon-de-lagriculture\/#primaryimage","url":"https:\/\/www.lesacduberger.com\/wp-content\/uploads\/2020\/11\/20160609162001.jpg","contentUrl":"https:\/\/www.lesacduberger.com\/wp-content\/uploads\/2020\/11\/20160609162001.jpg","width":1181,"height":1224,"caption":"Image"},{"@type":"BreadcrumbList","@id":"https:\/\/www.lesacduberger.com\/interview-lors-du-salon-de-lagriculture\/#breadcrumb","itemListElement":[{"@type":"ListItem","position":1,"name":"Accueil","item":"https:\/\/www.lesacduberger.com\/"},{"@type":"ListItem","position":2,"name":"Interview lors du sa&hellip;"}]},{"@type":"WebSite","@id":"https:\/\/www.lesacduberger.com\/#website","url":"https:\/\/www.lesacduberger.com\/","name":"Le Sac du Berger","description":"","publisher":{"@id":"https:\/\/www.lesacduberger.com\/#organization"},"potentialAction":[{"@type":"SearchAction","target":{"@type":"EntryPoint","urlTemplate":"https:\/\/www.lesacduberger.com\/?s={search_term_string}"},"query-input":{"@type":"PropertyValueSpecification","valueRequired":true,"valueName":"search_term_string"}}],"inLanguage":"en-US"},{"@type":"Organization","@id":"https:\/\/www.lesacduberger.com\/#organization","name":"Le Sac du Berger","url":"https:\/\/www.lesacduberger.com\/","logo":{"@type":"ImageObject","inLanguage":"en-US","@id":"https:\/\/www.lesacduberger.com\/#\/schema\/logo\/image\/","url":"https:\/\/www.lesacduberger.com\/wp-content\/uploads\/2020\/09\/Logo-Sac-du-Berger-blanc-OK.png","contentUrl":"https:\/\/www.lesacduberger.com\/wp-content\/uploads\/2020\/09\/Logo-Sac-du-Berger-blanc-OK.png","width":2093,"height":510,"caption":"Le Sac du Berger"},"image":{"@id":"https:\/\/www.lesacduberger.com\/#\/schema\/logo\/image\/"},"sameAs":["https:\/\/www.facebook.com\/lesacduberger","https:\/\/www.instagram.com\/lesacduberger\/?hl=fr"]},{"@type":"Person","@id":"https:\/\/www.lesacduberger.com\/#\/schema\/person\/8f83e0496a6267e96189d3b328d5219f","name":"BM Services","image":{"@type":"ImageObject","inLanguage":"en-US","@id":"https:\/\/www.lesacduberger.com\/#\/schema\/person\/image\/","url":"https:\/\/secure.gravatar.com\/avatar\/707b0badaed34da3c067de8c21c5d2c0fe4de97536d236fcca5b4871cc528201?s=96&d=mm&r=g","contentUrl":"https:\/\/secure.gravatar.com\/avatar\/707b0badaed34da3c067de8c21c5d2c0fe4de97536d236fcca5b4871cc528201?s=96&d=mm&r=g","caption":"BM Services"},"sameAs":["https:\/\/www.lesacduberger.com"]}]}},"_links":{"self":[{"href":"https:\/\/www.lesacduberger.com\/en\/wp-json\/wp\/v2\/posts\/26963","targetHints":{"allow":["GET"]}}],"collection":[{"href":"https:\/\/www.lesacduberger.com\/en\/wp-json\/wp\/v2\/posts"}],"about":[{"href":"https:\/\/www.lesacduberger.com\/en\/wp-json\/wp\/v2\/types\/post"}],"author":[{"embeddable":true,"href":"https:\/\/www.lesacduberger.com\/en\/wp-json\/wp\/v2\/users\/1"}],"replies":[{"embeddable":true,"href":"https:\/\/www.lesacduberger.com\/en\/wp-json\/wp\/v2\/comments?post=26963"}],"version-history":[{"count":2,"href":"https:\/\/www.lesacduberger.com\/en\/wp-json\/wp\/v2\/posts\/26963\/revisions"}],"predecessor-version":[{"id":41130,"href":"https:\/\/www.lesacduberger.com\/en\/wp-json\/wp\/v2\/posts\/26963\/revisions\/41130"}],"wp:featuredmedia":[{"embeddable":true,"href":"https:\/\/www.lesacduberger.com\/en\/wp-json\/wp\/v2\/media\/26964"}],"wp:attachment":[{"href":"https:\/\/www.lesacduberger.com\/en\/wp-json\/wp\/v2\/media?parent=26963"}],"wp:term":[{"taxonomy":"category","embeddable":true,"href":"https:\/\/www.lesacduberger.com\/en\/wp-json\/wp\/v2\/categories?post=26963"},{"taxonomy":"post_tag","embeddable":true,"href":"https:\/\/www.lesacduberger.com\/en\/wp-json\/wp\/v2\/tags?post=26963"}],"curies":[{"name":"wp","href":"https:\/\/api.w.org\/{rel}","templated":true}]}}