{"id":30663,"date":"2021-11-03T15:46:03","date_gmt":"2021-11-03T14:46:03","guid":{"rendered":"https:\/\/www.lesacduberger.com\/?p=30663"},"modified":"2023-02-15T15:58:37","modified_gmt":"2023-02-15T14:58:37","slug":"salon-marjolaine-2021","status":"publish","type":"post","link":"https:\/\/www.lesacduberger.com\/en\/salon-marjolaine-2021\/","title":{"rendered":"Meet Le Sac du Berger at the Salon Marjolaine in Paris!"},"content":{"rendered":"<p><em>A week dedicated to those who design, create and produce with respect for nature and people: that's the Marjolaine show, where you can find Le Sac du Berger!<\/em><\/p>\n\n\n\n<p><\/p>\n\n\n\n<h3 class=\"wp-block-heading\">The Marjolaine show looks to an eco-responsible future<\/h3>\n\n\n\n<p>Every year, <a href=\"https:\/\/www.salon-marjolaine.com\/\" target=\"_blank\" rel=\"noreferrer noopener\">the Marjolaine salon<\/a> reunites <strong>420 actors<\/strong> sustainable development, ecology, organic farming and natural well-being. The Parc Floral de Paris transforms itself into a unique meeting place. Nearly <strong>30 conferences <\/strong>on the challenges of ecology and <strong>65 discovery workshops<\/strong> are open to all. <\/p>\n\n\n\n<figure class=\"wp-block-image size-full is-resized\"><a href=\"https:\/\/www.lesacduberger.com\/wp-content\/uploads\/2021\/11\/salon-marjolaine-bio-2021.jpeg\"><img fetchpriority=\"high\" decoding=\"async\" src=\"https:\/\/www.lesacduberger.com\/wp-content\/uploads\/2021\/11\/salon-marjolaine-bio-2021.jpeg\" alt=\"salon-marjolaine-bio-2021\" class=\"wp-image-30672\" width=\"349\" height=\"233\" srcset=\"https:\/\/www.lesacduberger.com\/wp-content\/uploads\/2021\/11\/salon-marjolaine-bio-2021.jpeg 750w, https:\/\/www.lesacduberger.com\/wp-content\/uploads\/2021\/11\/salon-marjolaine-bio-2021-220x147.jpeg 220w\" sizes=\"(max-width: 349px) 100vw, 349px\" \/><\/a><\/figure>\n\n\n\n<h3 class=\"wp-block-heading\">Our stand dedicated to leather and wool craftsmanship<\/h3>\n\n\n\n<p>This year's Marjolaine trade fair will take place at <strong>from November 6 to 14, at the Parc Floral de Paris<\/strong>. where you can find <strong>Le Sac du Berger at stand C20<\/strong>. Shepherd's bags, game bags, leather goods, slippers, clothing in leather, sheepskin and virgin wool. Each item is handcrafted by the same person, in the same unit.<\/p>\n\n\n\n<figure class=\"wp-block-image size-large is-resized\"><a href=\"https:\/\/www.lesacduberger.com\/wp-content\/uploads\/2020\/12\/bg-1.jpg\"><img decoding=\"async\" src=\"https:\/\/www.lesacduberger.com\/wp-content\/uploads\/2020\/12\/bg-1-1024x567.jpg\" alt=\"\" class=\"wp-image-27636\" width=\"354\" height=\"196\" srcset=\"https:\/\/www.lesacduberger.com\/wp-content\/uploads\/2020\/12\/bg-1-1024x567.jpg 1024w, https:\/\/www.lesacduberger.com\/wp-content\/uploads\/2020\/12\/bg-1-220x122.jpg 220w, https:\/\/www.lesacduberger.com\/wp-content\/uploads\/2020\/12\/bg-1-768x425.jpg 768w, https:\/\/www.lesacduberger.com\/wp-content\/uploads\/2020\/12\/bg-1-800x443.jpg 800w, https:\/\/www.lesacduberger.com\/wp-content\/uploads\/2020\/12\/bg-1.jpg 1367w\" sizes=\"(max-width: 354px) 100vw, 354px\" \/><\/a><\/figure>\n\n\n\n<p>Find us on <strong>stand C20<\/strong>We look forward to meeting you!<\/p>\n\n\n\n<p><\/p>","protected":false},"excerpt":{"rendered":"<p>Une semaine d\u00e9di\u00e9e \u00e0 celles et ceux qui con\u00e7oivent, cr\u00e9ent, produisent dans le respect de la nature et de l&rsquo;humain : c&rsquo;est le salon Marjolaine o\u00f9 vous pourrez retrouver Le Sac du Berger ! Le salon Marjolaine tourn\u00e9 vers un avenir \u00e9co-responsable Chaque ann\u00e9e, le salon Marjolaine r\u00e9unit 420 acteurs du d\u00e9veloppement durable, de l&rsquo;\u00e9cologie, [&hellip;]<\/p>\n","protected":false},"author":16790,"featured_media":27636,"comment_status":"open","ping_status":"open","sticky":false,"template":"","format":"standard","meta":{"footnotes":""},"categories":[3],"tags":[],"class_list":["post-30663","post","type-post","status-publish","format-standard","has-post-thumbnail","hentry","category-actualites"],"yoast_head":"<!-- This site is optimized with the Yoast SEO plugin v27.1.1 - https:\/\/yoast.com\/product\/yoast-seo-wordpress\/ -->\n<title>Retrouvez Le Sac du Berger au salon Marjolaine \u00e0 Paris ! - Le Sac du Berger<\/title>\n<meta name=\"description\" content=\"Retrouvez Le Sac du Berger au salon Marjolaine au Parc Floral de Paris du 6 au 14 novembre 2021. Une semaine d\u00e9di\u00e9e dans le respect de la nature et de l&#039;humain vers un avenir \u00e9co-responsable.\" \/>\n<meta name=\"robots\" content=\"index, follow, max-snippet:-1, max-image-preview:large, max-video-preview:-1\" \/>\n<link rel=\"canonical\" href=\"https:\/\/www.lesacduberger.com\/en\/salon-marjolaine-2021\/\" \/>\n<meta property=\"og:locale\" content=\"en_US\" \/>\n<meta property=\"og:title\" content=\"Retrouvez Le Sac du Berger au salon Marjolaine \u00e0 Paris ! - Le Sac du Berger\" \/>\n<meta property=\"og:description\" content=\"Retrouvez Le Sac du Berger au salon Marjolaine au Parc Floral de Paris du 6 au 14 novembre 2021. Une semaine d\u00e9di\u00e9e dans le respect de la nature et de l&#039;humain vers un avenir \u00e9co-responsable.\" \/>\n<meta property=\"og:url\" content=\"https:\/\/www.lesacduberger.com\/en\/salon-marjolaine-2021\/\" \/>\n<meta property=\"og:site_name\" content=\"Le Sac du Berger\" \/>\n<meta property=\"article:publisher\" content=\"https:\/\/www.facebook.com\/lesacduberger\" \/>\n<meta property=\"article:published_time\" content=\"2021-11-03T14:46:03+00:00\" \/>\n<meta property=\"article:modified_time\" content=\"2023-02-15T14:58:37+00:00\" \/>\n<meta property=\"og:image\" content=\"https:\/\/www.lesacduberger.com\/wp-content\/uploads\/2020\/12\/bg-1.jpg\" \/>\n\t<meta property=\"og:image:width\" content=\"1367\" \/>\n\t<meta property=\"og:image:height\" content=\"757\" \/>\n\t<meta property=\"og:image:type\" content=\"image\/jpeg\" \/>\n<meta name=\"author\" content=\"Am\u00e9lie MONNEY-MAURIAL\" \/>\n<meta name=\"twitter:card\" content=\"summary_large_image\" \/>\n<script type=\"application\/ld+json\" class=\"yoast-schema-graph\">{\"@context\":\"https:\/\/schema.org\",\"@graph\":[{\"@type\":\"Article\",\"@id\":\"https:\/\/www.lesacduberger.com\/salon-marjolaine-2021\/#article\",\"isPartOf\":{\"@id\":\"https:\/\/www.lesacduberger.com\/salon-marjolaine-2021\/\"},\"author\":{\"name\":\"Am\u00e9lie MONNEY-MAURIAL\",\"@id\":\"https:\/\/www.lesacduberger.com\/#\/schema\/person\/0a686519405cb137331fe34dab6b8e4a\"},\"headline\":\"Retrouvez Le Sac du Berger au salon Marjolaine \u00e0 Paris !\",\"datePublished\":\"2021-11-03T14:46:03+00:00\",\"dateModified\":\"2023-02-15T14:58:37+00:00\",\"mainEntityOfPage\":{\"@id\":\"https:\/\/www.lesacduberger.com\/salon-marjolaine-2021\/\"},\"wordCount\":208,\"commentCount\":0,\"publisher\":{\"@id\":\"https:\/\/www.lesacduberger.com\/#organization\"},\"image\":{\"@id\":\"https:\/\/www.lesacduberger.com\/salon-marjolaine-2021\/#primaryimage\"},\"thumbnailUrl\":\"https:\/\/www.lesacduberger.com\/wp-content\/uploads\/2020\/12\/bg-1.jpg\",\"articleSection\":[\"Nos actualit\u00e9s\"],\"inLanguage\":\"en-US\",\"potentialAction\":[{\"@type\":\"CommentAction\",\"name\":\"Comment\",\"target\":[\"https:\/\/www.lesacduberger.com\/salon-marjolaine-2021\/#respond\"]}]},{\"@type\":\"WebPage\",\"@id\":\"https:\/\/www.lesacduberger.com\/salon-marjolaine-2021\/\",\"url\":\"https:\/\/www.lesacduberger.com\/salon-marjolaine-2021\/\",\"name\":\"Retrouvez Le Sac du Berger au salon Marjolaine \u00e0 Paris ! - Le Sac du Berger\",\"isPartOf\":{\"@id\":\"https:\/\/www.lesacduberger.com\/#website\"},\"primaryImageOfPage\":{\"@id\":\"https:\/\/www.lesacduberger.com\/salon-marjolaine-2021\/#primaryimage\"},\"image\":{\"@id\":\"https:\/\/www.lesacduberger.com\/salon-marjolaine-2021\/#primaryimage\"},\"thumbnailUrl\":\"https:\/\/www.lesacduberger.com\/wp-content\/uploads\/2020\/12\/bg-1.jpg\",\"datePublished\":\"2021-11-03T14:46:03+00:00\",\"dateModified\":\"2023-02-15T14:58:37+00:00\",\"description\":\"Retrouvez Le Sac du Berger au salon Marjolaine au Parc Floral de Paris du 6 au 14 novembre 2021. Une semaine d\u00e9di\u00e9e dans le respect de la nature et de l'humain vers un avenir \u00e9co-responsable.\",\"breadcrumb\":{\"@id\":\"https:\/\/www.lesacduberger.com\/salon-marjolaine-2021\/#breadcrumb\"},\"inLanguage\":\"en-US\",\"potentialAction\":[{\"@type\":\"ReadAction\",\"target\":[\"https:\/\/www.lesacduberger.com\/salon-marjolaine-2021\/\"]}]},{\"@type\":\"ImageObject\",\"inLanguage\":\"en-US\",\"@id\":\"https:\/\/www.lesacduberger.com\/salon-marjolaine-2021\/#primaryimage\",\"url\":\"https:\/\/www.lesacduberger.com\/wp-content\/uploads\/2020\/12\/bg-1.jpg\",\"contentUrl\":\"https:\/\/www.lesacduberger.com\/wp-content\/uploads\/2020\/12\/bg-1.jpg\",\"width\":1367,\"height\":757,\"caption\":\"cuir artisanal\"},{\"@type\":\"BreadcrumbList\",\"@id\":\"https:\/\/www.lesacduberger.com\/salon-marjolaine-2021\/#breadcrumb\",\"itemListElement\":[{\"@type\":\"ListItem\",\"position\":1,\"name\":\"Accueil\",\"item\":\"https:\/\/www.lesacduberger.com\/\"},{\"@type\":\"ListItem\",\"position\":2,\"name\":\"Retrouvez Le Sac du &hellip;\"}]},{\"@type\":\"WebSite\",\"@id\":\"https:\/\/www.lesacduberger.com\/#website\",\"url\":\"https:\/\/www.lesacduberger.com\/\",\"name\":\"Le Sac du Berger\",\"description\":\"\",\"publisher\":{\"@id\":\"https:\/\/www.lesacduberger.com\/#organization\"},\"potentialAction\":[{\"@type\":\"SearchAction\",\"target\":{\"@type\":\"EntryPoint\",\"urlTemplate\":\"https:\/\/www.lesacduberger.com\/?s={search_term_string}\"},\"query-input\":{\"@type\":\"PropertyValueSpecification\",\"valueRequired\":true,\"valueName\":\"search_term_string\"}}],\"inLanguage\":\"en-US\"},{\"@type\":\"Organization\",\"@id\":\"https:\/\/www.lesacduberger.com\/#organization\",\"name\":\"Le Sac du Berger\",\"url\":\"https:\/\/www.lesacduberger.com\/\",\"logo\":{\"@type\":\"ImageObject\",\"inLanguage\":\"en-US\",\"@id\":\"https:\/\/www.lesacduberger.com\/#\/schema\/logo\/image\/\",\"url\":\"https:\/\/www.lesacduberger.com\/wp-content\/uploads\/2020\/09\/Logo-Sac-du-Berger-blanc-OK.png\",\"contentUrl\":\"https:\/\/www.lesacduberger.com\/wp-content\/uploads\/2020\/09\/Logo-Sac-du-Berger-blanc-OK.png\",\"width\":2093,\"height\":510,\"caption\":\"Le Sac du Berger\"},\"image\":{\"@id\":\"https:\/\/www.lesacduberger.com\/#\/schema\/logo\/image\/\"},\"sameAs\":[\"https:\/\/www.facebook.com\/lesacduberger\",\"https:\/\/www.instagram.com\/lesacduberger\/?hl=fr\"]},{\"@type\":\"Person\",\"@id\":\"https:\/\/www.lesacduberger.com\/#\/schema\/person\/0a686519405cb137331fe34dab6b8e4a\",\"name\":\"Am\u00e9lie MONNEY-MAURIAL\",\"image\":{\"@type\":\"ImageObject\",\"inLanguage\":\"en-US\",\"@id\":\"https:\/\/www.lesacduberger.com\/#\/schema\/person\/image\/\",\"url\":\"https:\/\/secure.gravatar.com\/avatar\/8d039690a5bd963a1e005394e455bea2b22a0ccd34b065af65335987359f8820?s=96&d=mm&r=g\",\"contentUrl\":\"https:\/\/secure.gravatar.com\/avatar\/8d039690a5bd963a1e005394e455bea2b22a0ccd34b065af65335987359f8820?s=96&d=mm&r=g\",\"caption\":\"Am\u00e9lie MONNEY-MAURIAL\"}}]}<\/script>\n<!-- \/ Yoast SEO plugin. -->","yoast_head_json":{"title":"Meet Le Sac du Berger at the Marjolaine trade show in Paris! - Le Sac du Berger","description":"Meet Le Sac du Berger at the Marjolaine show at the Parc Floral de Paris from November 6 to 14, 2021. A week dedicated to respecting nature and people towards an eco-responsible future.","robots":{"index":"index","follow":"follow","max-snippet":"max-snippet:-1","max-image-preview":"max-image-preview:large","max-video-preview":"max-video-preview:-1"},"canonical":"https:\/\/www.lesacduberger.com\/en\/salon-marjolaine-2021\/","og_locale":"en_US","og_title":"Retrouvez Le Sac du Berger au salon Marjolaine \u00e0 Paris ! - Le Sac du Berger","og_description":"Retrouvez Le Sac du Berger au salon Marjolaine au Parc Floral de Paris du 6 au 14 novembre 2021. Une semaine d\u00e9di\u00e9e dans le respect de la nature et de l'humain vers un avenir \u00e9co-responsable.","og_url":"https:\/\/www.lesacduberger.com\/en\/salon-marjolaine-2021\/","og_site_name":"Le Sac du Berger","article_publisher":"https:\/\/www.facebook.com\/lesacduberger","article_published_time":"2021-11-03T14:46:03+00:00","article_modified_time":"2023-02-15T14:58:37+00:00","og_image":[{"width":1367,"height":757,"url":"https:\/\/www.lesacduberger.com\/wp-content\/uploads\/2020\/12\/bg-1.jpg","type":"image\/jpeg"}],"author":"Am\u00e9lie MONNEY-MAURIAL","twitter_card":"summary_large_image","schema":{"@context":"https:\/\/schema.org","@graph":[{"@type":"Article","@id":"https:\/\/www.lesacduberger.com\/salon-marjolaine-2021\/#article","isPartOf":{"@id":"https:\/\/www.lesacduberger.com\/salon-marjolaine-2021\/"},"author":{"name":"Am\u00e9lie MONNEY-MAURIAL","@id":"https:\/\/www.lesacduberger.com\/#\/schema\/person\/0a686519405cb137331fe34dab6b8e4a"},"headline":"Retrouvez Le Sac du Berger au salon Marjolaine \u00e0 Paris !","datePublished":"2021-11-03T14:46:03+00:00","dateModified":"2023-02-15T14:58:37+00:00","mainEntityOfPage":{"@id":"https:\/\/www.lesacduberger.com\/salon-marjolaine-2021\/"},"wordCount":208,"commentCount":0,"publisher":{"@id":"https:\/\/www.lesacduberger.com\/#organization"},"image":{"@id":"https:\/\/www.lesacduberger.com\/salon-marjolaine-2021\/#primaryimage"},"thumbnailUrl":"https:\/\/www.lesacduberger.com\/wp-content\/uploads\/2020\/12\/bg-1.jpg","articleSection":["Nos actualit\u00e9s"],"inLanguage":"en-US","potentialAction":[{"@type":"CommentAction","name":"Comment","target":["https:\/\/www.lesacduberger.com\/salon-marjolaine-2021\/#respond"]}]},{"@type":"WebPage","@id":"https:\/\/www.lesacduberger.com\/salon-marjolaine-2021\/","url":"https:\/\/www.lesacduberger.com\/salon-marjolaine-2021\/","name":"Meet Le Sac du Berger at the Marjolaine trade show in Paris! - Le Sac du Berger","isPartOf":{"@id":"https:\/\/www.lesacduberger.com\/#website"},"primaryImageOfPage":{"@id":"https:\/\/www.lesacduberger.com\/salon-marjolaine-2021\/#primaryimage"},"image":{"@id":"https:\/\/www.lesacduberger.com\/salon-marjolaine-2021\/#primaryimage"},"thumbnailUrl":"https:\/\/www.lesacduberger.com\/wp-content\/uploads\/2020\/12\/bg-1.jpg","datePublished":"2021-11-03T14:46:03+00:00","dateModified":"2023-02-15T14:58:37+00:00","description":"Meet Le Sac du Berger at the Marjolaine show at the Parc Floral de Paris from November 6 to 14, 2021. A week dedicated to respecting nature and people towards an eco-responsible future.","breadcrumb":{"@id":"https:\/\/www.lesacduberger.com\/salon-marjolaine-2021\/#breadcrumb"},"inLanguage":"en-US","potentialAction":[{"@type":"ReadAction","target":["https:\/\/www.lesacduberger.com\/salon-marjolaine-2021\/"]}]},{"@type":"ImageObject","inLanguage":"en-US","@id":"https:\/\/www.lesacduberger.com\/salon-marjolaine-2021\/#primaryimage","url":"https:\/\/www.lesacduberger.com\/wp-content\/uploads\/2020\/12\/bg-1.jpg","contentUrl":"https:\/\/www.lesacduberger.com\/wp-content\/uploads\/2020\/12\/bg-1.jpg","width":1367,"height":757,"caption":"cuir artisanal"},{"@type":"BreadcrumbList","@id":"https:\/\/www.lesacduberger.com\/salon-marjolaine-2021\/#breadcrumb","itemListElement":[{"@type":"ListItem","position":1,"name":"Accueil","item":"https:\/\/www.lesacduberger.com\/"},{"@type":"ListItem","position":2,"name":"Retrouvez Le Sac du &hellip;"}]},{"@type":"WebSite","@id":"https:\/\/www.lesacduberger.com\/#website","url":"https:\/\/www.lesacduberger.com\/","name":"Le Sac du Berger","description":"","publisher":{"@id":"https:\/\/www.lesacduberger.com\/#organization"},"potentialAction":[{"@type":"SearchAction","target":{"@type":"EntryPoint","urlTemplate":"https:\/\/www.lesacduberger.com\/?s={search_term_string}"},"query-input":{"@type":"PropertyValueSpecification","valueRequired":true,"valueName":"search_term_string"}}],"inLanguage":"en-US"},{"@type":"Organization","@id":"https:\/\/www.lesacduberger.com\/#organization","name":"Le Sac du Berger","url":"https:\/\/www.lesacduberger.com\/","logo":{"@type":"ImageObject","inLanguage":"en-US","@id":"https:\/\/www.lesacduberger.com\/#\/schema\/logo\/image\/","url":"https:\/\/www.lesacduberger.com\/wp-content\/uploads\/2020\/09\/Logo-Sac-du-Berger-blanc-OK.png","contentUrl":"https:\/\/www.lesacduberger.com\/wp-content\/uploads\/2020\/09\/Logo-Sac-du-Berger-blanc-OK.png","width":2093,"height":510,"caption":"Le Sac du Berger"},"image":{"@id":"https:\/\/www.lesacduberger.com\/#\/schema\/logo\/image\/"},"sameAs":["https:\/\/www.facebook.com\/lesacduberger","https:\/\/www.instagram.com\/lesacduberger\/?hl=fr"]},{"@type":"Person","@id":"https:\/\/www.lesacduberger.com\/#\/schema\/person\/0a686519405cb137331fe34dab6b8e4a","name":"Am\u00e9lie MONNEY-MAURIAL","image":{"@type":"ImageObject","inLanguage":"en-US","@id":"https:\/\/www.lesacduberger.com\/#\/schema\/person\/image\/","url":"https:\/\/secure.gravatar.com\/avatar\/8d039690a5bd963a1e005394e455bea2b22a0ccd34b065af65335987359f8820?s=96&d=mm&r=g","contentUrl":"https:\/\/secure.gravatar.com\/avatar\/8d039690a5bd963a1e005394e455bea2b22a0ccd34b065af65335987359f8820?s=96&d=mm&r=g","caption":"Am\u00e9lie MONNEY-MAURIAL"}}]}},"_links":{"self":[{"href":"https:\/\/www.lesacduberger.com\/en\/wp-json\/wp\/v2\/posts\/30663","targetHints":{"allow":["GET"]}}],"collection":[{"href":"https:\/\/www.lesacduberger.com\/en\/wp-json\/wp\/v2\/posts"}],"about":[{"href":"https:\/\/www.lesacduberger.com\/en\/wp-json\/wp\/v2\/types\/post"}],"author":[{"embeddable":true,"href":"https:\/\/www.lesacduberger.com\/en\/wp-json\/wp\/v2\/users\/16790"}],"replies":[{"embeddable":true,"href":"https:\/\/www.lesacduberger.com\/en\/wp-json\/wp\/v2\/comments?post=30663"}],"version-history":[{"count":9,"href":"https:\/\/www.lesacduberger.com\/en\/wp-json\/wp\/v2\/posts\/30663\/revisions"}],"predecessor-version":[{"id":30731,"href":"https:\/\/www.lesacduberger.com\/en\/wp-json\/wp\/v2\/posts\/30663\/revisions\/30731"}],"wp:featuredmedia":[{"embeddable":true,"href":"https:\/\/www.lesacduberger.com\/en\/wp-json\/wp\/v2\/media\/27636"}],"wp:attachment":[{"href":"https:\/\/www.lesacduberger.com\/en\/wp-json\/wp\/v2\/media?parent=30663"}],"wp:term":[{"taxonomy":"category","embeddable":true,"href":"https:\/\/www.lesacduberger.com\/en\/wp-json\/wp\/v2\/categories?post=30663"},{"taxonomy":"post_tag","embeddable":true,"href":"https:\/\/www.lesacduberger.com\/en\/wp-json\/wp\/v2\/tags?post=30663"}],"curies":[{"name":"wp","href":"https:\/\/api.w.org\/{rel}","templated":true}]}}