{"id":30710,"date":"2021-11-09T11:29:26","date_gmt":"2021-11-09T10:29:26","guid":{"rendered":"https:\/\/www.lesacduberger.com\/?p=30710"},"modified":"2024-03-26T12:24:56","modified_gmt":"2024-03-26T11:24:56","slug":"mif-expo-paris-novembnre-2021","status":"publish","type":"post","link":"https:\/\/www.lesacduberger.com\/en\/mif-expo-paris-novembnre-2021\/","title":{"rendered":"See you at MIF Expo in Paris from November 11 to 14!"},"content":{"rendered":"<div data-elementor-type=\"wp-post\" data-elementor-id=\"30710\" class=\"elementor elementor-30710\" data-elementor-post-type=\"post\">\n\t\t\t\t\t\t<section class=\"elementor-section elementor-top-section elementor-element elementor-element-1fc837bd elementor-section-boxed elementor-section-height-default elementor-section-height-default\" data-id=\"1fc837bd\" data-element_type=\"section\" data-e-type=\"section\">\n\t\t\t\t\t\t<div class=\"elementor-container elementor-column-gap-default\">\n\t\t\t\t\t<div class=\"elementor-column elementor-col-100 elementor-top-column elementor-element elementor-element-7e4da326\" data-id=\"7e4da326\" data-element_type=\"column\" data-e-type=\"column\">\n\t\t\t<div class=\"elementor-widget-wrap elementor-element-populated\">\n\t\t\t\t\t\t<div class=\"elementor-element elementor-element-1bf9f589 elementor-widget elementor-widget-text-editor\" data-id=\"1bf9f589\" data-element_type=\"widget\" data-e-type=\"widget\" data-widget_type=\"text-editor.default\">\n\t\t\t\t<div class=\"elementor-widget-container\">\n\t\t\t\t\t\t\t\t\t<p><\/p>\n<p><em>In addition to the Marjolaine trade show, Le Sac du Berger will be at MIF Expo in Paris this year!<\/em><\/p>\n<p><\/p>\n<p><\/p>\n<h2 class=\"wp-block-heading\">Le Sac du Berger will be at MIF Expo!<\/h2>\n<p><\/p>\n<p><\/p>\n<p>Ana\u00efs and Judit are delighted to be able to welcome you this year to the <a href=\"https:\/\/www.mifexpo.fr\/\" target=\"_blank\" rel=\"noreferrer noopener\"><strong>Made in France trade show - MIF Expo<\/strong><\/a> - Porte de Versailles, Paris, November 11-14, 2021. Visit us on <strong>our stand L09<\/strong> to discover our bags, saddlery and leather goods, leather and wool garments made in the Layrolle workshop. We'll tell you how the various stages of production, from the origin of the hides to the tanning and finishing of the finished object, are carried out within a 120 km radius of the workshop.<\/p>\n<p><\/p>\n<p><\/p>\n<figure class=\"wp-block-image size-large\"><a href=\"https:\/\/www.lesacduberger.com\/wp-content\/uploads\/2021\/11\/BanniS\u030cre-MIF-Expo-2021-scaled.jpg\"><img fetchpriority=\"high\" decoding=\"async\" width=\"1024\" height=\"379\" class=\"wp-image-30711\" src=\"https:\/\/www.lesacduberger.com\/wp-content\/uploads\/2021\/11\/BanniS\u030cre-MIF-Expo-2021-1024x379.jpg\" alt=\"\" srcset=\"https:\/\/www.lesacduberger.com\/wp-content\/uploads\/2021\/11\/BanniS\u030cre-MIF-Expo-2021-1024x379.jpg 1024w, https:\/\/www.lesacduberger.com\/wp-content\/uploads\/2021\/11\/BanniS\u030cre-MIF-Expo-2021-220x81.jpg 220w, https:\/\/www.lesacduberger.com\/wp-content\/uploads\/2021\/11\/BanniS\u030cre-MIF-Expo-2021-768x284.jpg 768w, https:\/\/www.lesacduberger.com\/wp-content\/uploads\/2021\/11\/BanniS\u030cre-MIF-Expo-2021-1536x569.jpg 1536w, https:\/\/www.lesacduberger.com\/wp-content\/uploads\/2021\/11\/BanniS\u030cre-MIF-Expo-2021-2048x758.jpg 2048w, https:\/\/www.lesacduberger.com\/wp-content\/uploads\/2021\/11\/BanniS\u030cre-MIF-Expo-2021-800x296.jpg 800w\" sizes=\"(max-width: 1024px) 100vw, 1024px\" \/><\/a><\/figure>\n<p><\/p>\n<p><\/p>\n<h2 class=\"wp-block-heading\">A show showcasing French know-how<\/h2>\n<p><\/p>\n<p><\/p>\n<p>It will also be an opportunity for you to discover many other houses that manufacture in France today, and share our values, our commitments and our desire to preserve the ancestral know-how that has made France so influential in the world. <strong>80,000 visitors are expected to visit the nearly 650 exhibitors<\/strong> who will be there!<\/p>\n<p><\/p>\n<p><\/p>\n<figure class=\"wp-block-image size-full\"><a href=\"https:\/\/www.lesacduberger.com\/wp-content\/uploads\/2021\/11\/Sac-du-Berger-n\u00b03-3-2-edited.jpg\"><img decoding=\"async\" width=\"1024\" height=\"682\" class=\"wp-image-30725\" src=\"https:\/\/www.lesacduberger.com\/wp-content\/uploads\/2021\/11\/Sac-du-Berger-n\u00b03-3-2-edited.jpg\" alt=\"French leather bag\" srcset=\"https:\/\/www.lesacduberger.com\/wp-content\/uploads\/2021\/11\/Sac-du-Berger-n\u00b03-3-2-edited.jpg 1024w, https:\/\/www.lesacduberger.com\/wp-content\/uploads\/2021\/11\/Sac-du-Berger-n\u00b03-3-2-edited-220x147.jpg 220w, https:\/\/www.lesacduberger.com\/wp-content\/uploads\/2021\/11\/Sac-du-Berger-n\u00b03-3-2-edited-768x512.jpg 768w, https:\/\/www.lesacduberger.com\/wp-content\/uploads\/2021\/11\/Sac-du-Berger-n\u00b03-3-2-edited-800x533.jpg 800w\" sizes=\"(max-width: 1024px) 100vw, 1024px\" \/><\/a><\/figure>\n<p><\/p>\n<p><\/p>\n<p><strong>WHEN?<\/strong><br \/>From November 11 to 14, 2021, Thursday, Friday and Saturday from 10am to 7pm and Sunday from 10am to 6pm.<\/p>\n<p><\/p>\n<p><\/p>\n<p><strong>WHERE?<\/strong><br \/>Paris, Porte de Versailles Hall 7-2<\/p>\n<p><\/p>\n<p><\/p>\n<p><strong>HOW MUCH?<\/strong><br \/><a href=\"https:\/\/www.mifexpo.fr\/espace-invitations\/?form=particulier\" target=\"_blank\" rel=\"noreferrer noopener\"><strong>Free with pre-registration<\/strong> <\/a><br \/>10 on site, refunded on first purchase.<br \/>Checkroom: \u20ac2 per item<\/p>\n<p><\/p>\n<p><\/p>\n<p><\/p>\t\t\t\t\t\t\t\t<\/div>\n\t\t\t\t<\/div>\n\t\t\t\t\t<\/div>\n\t\t<\/div>\n\t\t\t\t\t<\/div>\n\t\t<\/section>\n\t\t\t\t<\/div>","protected":false},"excerpt":{"rendered":"<p>En plus du salon Marjolaine, c&rsquo;est au MIF Expo que Le Sac du Berger vous donne rendez-vous cette ann\u00e9e \u00e0 Paris ! Le Sac du Berger sera au MIF Expo ! Ana\u00efs et Judit sont ravies de pouvoir vous retrouver cette ann\u00e9e au Salon du Made in France &#8211; MIF Expo &#8211; Porte de Versailles [&hellip;]<\/p>\n","protected":false},"author":16864,"featured_media":30713,"comment_status":"open","ping_status":"open","sticky":false,"template":"","format":"standard","meta":{"footnotes":""},"categories":[3],"tags":[],"class_list":["post-30710","post","type-post","status-publish","format-standard","has-post-thumbnail","hentry","category-actualites"],"yoast_head":"<!-- This site is optimized with the Yoast SEO plugin v27.1.1 - https:\/\/yoast.com\/product\/yoast-seo-wordpress\/ -->\n<title>Le Sac du Berger est au MIF EXPO \u00e0 Paris ! 11 au 14 Novembre 2021<\/title>\n<meta name=\"description\" content=\"Nous continuons notre aventure et allons partager notre processus de fabrication artisanal qui est le secret de la qualit\u00e9 de nos produits !\" \/>\n<meta name=\"robots\" content=\"index, follow, max-snippet:-1, max-image-preview:large, max-video-preview:-1\" \/>\n<link rel=\"canonical\" href=\"https:\/\/www.lesacduberger.com\/en\/mif-expo-paris-novembnre-2021\/\" \/>\n<meta property=\"og:locale\" content=\"en_US\" \/>\n<meta property=\"og:title\" content=\"Le Sac du Berger est au MIF EXPO \u00e0 Paris ! 11 au 14 Novembre 2021\" \/>\n<meta property=\"og:description\" content=\"Nous continuons notre aventure et allons partager notre processus de fabrication artisanal qui est le secret de la qualit\u00e9 de nos produits !\" \/>\n<meta property=\"og:url\" content=\"https:\/\/www.lesacduberger.com\/en\/mif-expo-paris-novembnre-2021\/\" \/>\n<meta property=\"og:site_name\" content=\"Le Sac du Berger\" \/>\n<meta property=\"article:publisher\" content=\"https:\/\/www.facebook.com\/lesacduberger\" \/>\n<meta property=\"article:published_time\" content=\"2021-11-09T10:29:26+00:00\" \/>\n<meta property=\"article:modified_time\" content=\"2024-03-26T11:24:56+00:00\" \/>\n<meta property=\"og:image\" content=\"https:\/\/www.lesacduberger.com\/wp-content\/uploads\/2021\/11\/AdobeStock_363011442-1024x683.jpeg\" \/>\n\t<meta property=\"og:image:width\" content=\"1024\" \/>\n\t<meta property=\"og:image:height\" content=\"683\" \/>\n\t<meta property=\"og:image:type\" content=\"image\/jpeg\" \/>\n<meta name=\"author\" content=\"Edm\u00e9e GARCIA-MARILLER\" \/>\n<meta name=\"twitter:card\" content=\"summary_large_image\" \/>\n<script type=\"application\/ld+json\" class=\"yoast-schema-graph\">{\"@context\":\"https:\/\/schema.org\",\"@graph\":[{\"@type\":\"Article\",\"@id\":\"https:\/\/www.lesacduberger.com\/mif-expo-paris-novembnre-2021\/#article\",\"isPartOf\":{\"@id\":\"https:\/\/www.lesacduberger.com\/mif-expo-paris-novembnre-2021\/\"},\"author\":{\"name\":\"Edm\u00e9e GARCIA-MARILLER\",\"@id\":\"https:\/\/www.lesacduberger.com\/#\/schema\/person\/3a40d4becc64b2f577786fc0aae3ca3a\"},\"headline\":\"Rendez-vous au MIF Expo \u00e0 Paris du 11 au 14 novembre !\",\"datePublished\":\"2021-11-09T10:29:26+00:00\",\"dateModified\":\"2024-03-26T11:24:56+00:00\",\"mainEntityOfPage\":{\"@id\":\"https:\/\/www.lesacduberger.com\/mif-expo-paris-novembnre-2021\/\"},\"wordCount\":242,\"commentCount\":0,\"publisher\":{\"@id\":\"https:\/\/www.lesacduberger.com\/#organization\"},\"image\":{\"@id\":\"https:\/\/www.lesacduberger.com\/mif-expo-paris-novembnre-2021\/#primaryimage\"},\"thumbnailUrl\":\"https:\/\/www.lesacduberger.com\/wp-content\/uploads\/2021\/11\/AdobeStock_363011442-scaled.jpeg\",\"articleSection\":[\"Nos actualit\u00e9s\"],\"inLanguage\":\"en-US\",\"potentialAction\":[{\"@type\":\"CommentAction\",\"name\":\"Comment\",\"target\":[\"https:\/\/www.lesacduberger.com\/mif-expo-paris-novembnre-2021\/#respond\"]}]},{\"@type\":\"WebPage\",\"@id\":\"https:\/\/www.lesacduberger.com\/mif-expo-paris-novembnre-2021\/\",\"url\":\"https:\/\/www.lesacduberger.com\/mif-expo-paris-novembnre-2021\/\",\"name\":\"Le Sac du Berger est au MIF EXPO \u00e0 Paris ! 11 au 14 Novembre 2021\",\"isPartOf\":{\"@id\":\"https:\/\/www.lesacduberger.com\/#website\"},\"primaryImageOfPage\":{\"@id\":\"https:\/\/www.lesacduberger.com\/mif-expo-paris-novembnre-2021\/#primaryimage\"},\"image\":{\"@id\":\"https:\/\/www.lesacduberger.com\/mif-expo-paris-novembnre-2021\/#primaryimage\"},\"thumbnailUrl\":\"https:\/\/www.lesacduberger.com\/wp-content\/uploads\/2021\/11\/AdobeStock_363011442-scaled.jpeg\",\"datePublished\":\"2021-11-09T10:29:26+00:00\",\"dateModified\":\"2024-03-26T11:24:56+00:00\",\"description\":\"Nous continuons notre aventure et allons partager notre processus de fabrication artisanal qui est le secret de la qualit\u00e9 de nos produits !\",\"breadcrumb\":{\"@id\":\"https:\/\/www.lesacduberger.com\/mif-expo-paris-novembnre-2021\/#breadcrumb\"},\"inLanguage\":\"en-US\",\"potentialAction\":[{\"@type\":\"ReadAction\",\"target\":[\"https:\/\/www.lesacduberger.com\/mif-expo-paris-novembnre-2021\/\"]}]},{\"@type\":\"ImageObject\",\"inLanguage\":\"en-US\",\"@id\":\"https:\/\/www.lesacduberger.com\/mif-expo-paris-novembnre-2021\/#primaryimage\",\"url\":\"https:\/\/www.lesacduberger.com\/wp-content\/uploads\/2021\/11\/AdobeStock_363011442-scaled.jpeg\",\"contentUrl\":\"https:\/\/www.lesacduberger.com\/wp-content\/uploads\/2021\/11\/AdobeStock_363011442-scaled.jpeg\",\"width\":2560,\"height\":1707,\"caption\":\"salon mif expo le sac du berger\"},{\"@type\":\"BreadcrumbList\",\"@id\":\"https:\/\/www.lesacduberger.com\/mif-expo-paris-novembnre-2021\/#breadcrumb\",\"itemListElement\":[{\"@type\":\"ListItem\",\"position\":1,\"name\":\"Accueil\",\"item\":\"https:\/\/www.lesacduberger.com\/\"},{\"@type\":\"ListItem\",\"position\":2,\"name\":\"Rendez-vous au MIF E&hellip;\"}]},{\"@type\":\"WebSite\",\"@id\":\"https:\/\/www.lesacduberger.com\/#website\",\"url\":\"https:\/\/www.lesacduberger.com\/\",\"name\":\"Le Sac du Berger\",\"description\":\"\",\"publisher\":{\"@id\":\"https:\/\/www.lesacduberger.com\/#organization\"},\"potentialAction\":[{\"@type\":\"SearchAction\",\"target\":{\"@type\":\"EntryPoint\",\"urlTemplate\":\"https:\/\/www.lesacduberger.com\/?s={search_term_string}\"},\"query-input\":{\"@type\":\"PropertyValueSpecification\",\"valueRequired\":true,\"valueName\":\"search_term_string\"}}],\"inLanguage\":\"en-US\"},{\"@type\":\"Organization\",\"@id\":\"https:\/\/www.lesacduberger.com\/#organization\",\"name\":\"Le Sac du Berger\",\"url\":\"https:\/\/www.lesacduberger.com\/\",\"logo\":{\"@type\":\"ImageObject\",\"inLanguage\":\"en-US\",\"@id\":\"https:\/\/www.lesacduberger.com\/#\/schema\/logo\/image\/\",\"url\":\"https:\/\/www.lesacduberger.com\/wp-content\/uploads\/2020\/09\/Logo-Sac-du-Berger-blanc-OK.png\",\"contentUrl\":\"https:\/\/www.lesacduberger.com\/wp-content\/uploads\/2020\/09\/Logo-Sac-du-Berger-blanc-OK.png\",\"width\":2093,\"height\":510,\"caption\":\"Le Sac du Berger\"},\"image\":{\"@id\":\"https:\/\/www.lesacduberger.com\/#\/schema\/logo\/image\/\"},\"sameAs\":[\"https:\/\/www.facebook.com\/lesacduberger\",\"https:\/\/www.instagram.com\/lesacduberger\/?hl=fr\"]},{\"@type\":\"Person\",\"@id\":\"https:\/\/www.lesacduberger.com\/#\/schema\/person\/3a40d4becc64b2f577786fc0aae3ca3a\",\"name\":\"Edm\u00e9e GARCIA-MARILLER\",\"image\":{\"@type\":\"ImageObject\",\"inLanguage\":\"en-US\",\"@id\":\"https:\/\/www.lesacduberger.com\/#\/schema\/person\/image\/\",\"url\":\"https:\/\/secure.gravatar.com\/avatar\/85361b26616b4600d324d19607014e4b5715055bdaae703c020fd2b334c6d714?s=96&d=mm&r=g\",\"contentUrl\":\"https:\/\/secure.gravatar.com\/avatar\/85361b26616b4600d324d19607014e4b5715055bdaae703c020fd2b334c6d714?s=96&d=mm&r=g\",\"caption\":\"Edm\u00e9e GARCIA-MARILLER\"}}]}<\/script>\n<!-- \/ Yoast SEO plugin. -->","yoast_head_json":{"title":"Le Sac du Berger is at MIF EXPO in Paris! November 11 to 14, 2021","description":"We're continuing our adventure and will be sharing our artisanal manufacturing process, which is the secret of the quality of our products!","robots":{"index":"index","follow":"follow","max-snippet":"max-snippet:-1","max-image-preview":"max-image-preview:large","max-video-preview":"max-video-preview:-1"},"canonical":"https:\/\/www.lesacduberger.com\/en\/mif-expo-paris-novembnre-2021\/","og_locale":"en_US","og_title":"Le Sac du Berger est au MIF EXPO \u00e0 Paris ! 11 au 14 Novembre 2021","og_description":"Nous continuons notre aventure et allons partager notre processus de fabrication artisanal qui est le secret de la qualit\u00e9 de nos produits !","og_url":"https:\/\/www.lesacduberger.com\/en\/mif-expo-paris-novembnre-2021\/","og_site_name":"Le Sac du Berger","article_publisher":"https:\/\/www.facebook.com\/lesacduberger","article_published_time":"2021-11-09T10:29:26+00:00","article_modified_time":"2024-03-26T11:24:56+00:00","og_image":[{"width":1024,"height":683,"url":"https:\/\/www.lesacduberger.com\/wp-content\/uploads\/2021\/11\/AdobeStock_363011442-1024x683.jpeg","type":"image\/jpeg"}],"author":"Edm\u00e9e GARCIA-MARILLER","twitter_card":"summary_large_image","schema":{"@context":"https:\/\/schema.org","@graph":[{"@type":"Article","@id":"https:\/\/www.lesacduberger.com\/mif-expo-paris-novembnre-2021\/#article","isPartOf":{"@id":"https:\/\/www.lesacduberger.com\/mif-expo-paris-novembnre-2021\/"},"author":{"name":"Edm\u00e9e GARCIA-MARILLER","@id":"https:\/\/www.lesacduberger.com\/#\/schema\/person\/3a40d4becc64b2f577786fc0aae3ca3a"},"headline":"Rendez-vous au MIF Expo \u00e0 Paris du 11 au 14 novembre !","datePublished":"2021-11-09T10:29:26+00:00","dateModified":"2024-03-26T11:24:56+00:00","mainEntityOfPage":{"@id":"https:\/\/www.lesacduberger.com\/mif-expo-paris-novembnre-2021\/"},"wordCount":242,"commentCount":0,"publisher":{"@id":"https:\/\/www.lesacduberger.com\/#organization"},"image":{"@id":"https:\/\/www.lesacduberger.com\/mif-expo-paris-novembnre-2021\/#primaryimage"},"thumbnailUrl":"https:\/\/www.lesacduberger.com\/wp-content\/uploads\/2021\/11\/AdobeStock_363011442-scaled.jpeg","articleSection":["Nos actualit\u00e9s"],"inLanguage":"en-US","potentialAction":[{"@type":"CommentAction","name":"Comment","target":["https:\/\/www.lesacduberger.com\/mif-expo-paris-novembnre-2021\/#respond"]}]},{"@type":"WebPage","@id":"https:\/\/www.lesacduberger.com\/mif-expo-paris-novembnre-2021\/","url":"https:\/\/www.lesacduberger.com\/mif-expo-paris-novembnre-2021\/","name":"Le Sac du Berger is at MIF EXPO in Paris! November 11 to 14, 2021","isPartOf":{"@id":"https:\/\/www.lesacduberger.com\/#website"},"primaryImageOfPage":{"@id":"https:\/\/www.lesacduberger.com\/mif-expo-paris-novembnre-2021\/#primaryimage"},"image":{"@id":"https:\/\/www.lesacduberger.com\/mif-expo-paris-novembnre-2021\/#primaryimage"},"thumbnailUrl":"https:\/\/www.lesacduberger.com\/wp-content\/uploads\/2021\/11\/AdobeStock_363011442-scaled.jpeg","datePublished":"2021-11-09T10:29:26+00:00","dateModified":"2024-03-26T11:24:56+00:00","description":"We're continuing our adventure and will be sharing our artisanal manufacturing process, which is the secret of the quality of our products!","breadcrumb":{"@id":"https:\/\/www.lesacduberger.com\/mif-expo-paris-novembnre-2021\/#breadcrumb"},"inLanguage":"en-US","potentialAction":[{"@type":"ReadAction","target":["https:\/\/www.lesacduberger.com\/mif-expo-paris-novembnre-2021\/"]}]},{"@type":"ImageObject","inLanguage":"en-US","@id":"https:\/\/www.lesacduberger.com\/mif-expo-paris-novembnre-2021\/#primaryimage","url":"https:\/\/www.lesacduberger.com\/wp-content\/uploads\/2021\/11\/AdobeStock_363011442-scaled.jpeg","contentUrl":"https:\/\/www.lesacduberger.com\/wp-content\/uploads\/2021\/11\/AdobeStock_363011442-scaled.jpeg","width":2560,"height":1707,"caption":"salon mif expo le sac du berger"},{"@type":"BreadcrumbList","@id":"https:\/\/www.lesacduberger.com\/mif-expo-paris-novembnre-2021\/#breadcrumb","itemListElement":[{"@type":"ListItem","position":1,"name":"Accueil","item":"https:\/\/www.lesacduberger.com\/"},{"@type":"ListItem","position":2,"name":"Rendez-vous au MIF E&hellip;"}]},{"@type":"WebSite","@id":"https:\/\/www.lesacduberger.com\/#website","url":"https:\/\/www.lesacduberger.com\/","name":"Le Sac du Berger","description":"","publisher":{"@id":"https:\/\/www.lesacduberger.com\/#organization"},"potentialAction":[{"@type":"SearchAction","target":{"@type":"EntryPoint","urlTemplate":"https:\/\/www.lesacduberger.com\/?s={search_term_string}"},"query-input":{"@type":"PropertyValueSpecification","valueRequired":true,"valueName":"search_term_string"}}],"inLanguage":"en-US"},{"@type":"Organization","@id":"https:\/\/www.lesacduberger.com\/#organization","name":"Le Sac du Berger","url":"https:\/\/www.lesacduberger.com\/","logo":{"@type":"ImageObject","inLanguage":"en-US","@id":"https:\/\/www.lesacduberger.com\/#\/schema\/logo\/image\/","url":"https:\/\/www.lesacduberger.com\/wp-content\/uploads\/2020\/09\/Logo-Sac-du-Berger-blanc-OK.png","contentUrl":"https:\/\/www.lesacduberger.com\/wp-content\/uploads\/2020\/09\/Logo-Sac-du-Berger-blanc-OK.png","width":2093,"height":510,"caption":"Le Sac du Berger"},"image":{"@id":"https:\/\/www.lesacduberger.com\/#\/schema\/logo\/image\/"},"sameAs":["https:\/\/www.facebook.com\/lesacduberger","https:\/\/www.instagram.com\/lesacduberger\/?hl=fr"]},{"@type":"Person","@id":"https:\/\/www.lesacduberger.com\/#\/schema\/person\/3a40d4becc64b2f577786fc0aae3ca3a","name":"Edm\u00e9e GARCIA-MARILLER","image":{"@type":"ImageObject","inLanguage":"en-US","@id":"https:\/\/www.lesacduberger.com\/#\/schema\/person\/image\/","url":"https:\/\/secure.gravatar.com\/avatar\/85361b26616b4600d324d19607014e4b5715055bdaae703c020fd2b334c6d714?s=96&d=mm&r=g","contentUrl":"https:\/\/secure.gravatar.com\/avatar\/85361b26616b4600d324d19607014e4b5715055bdaae703c020fd2b334c6d714?s=96&d=mm&r=g","caption":"Edm\u00e9e GARCIA-MARILLER"}}]}},"_links":{"self":[{"href":"https:\/\/www.lesacduberger.com\/en\/wp-json\/wp\/v2\/posts\/30710","targetHints":{"allow":["GET"]}}],"collection":[{"href":"https:\/\/www.lesacduberger.com\/en\/wp-json\/wp\/v2\/posts"}],"about":[{"href":"https:\/\/www.lesacduberger.com\/en\/wp-json\/wp\/v2\/types\/post"}],"author":[{"embeddable":true,"href":"https:\/\/www.lesacduberger.com\/en\/wp-json\/wp\/v2\/users\/16864"}],"replies":[{"embeddable":true,"href":"https:\/\/www.lesacduberger.com\/en\/wp-json\/wp\/v2\/comments?post=30710"}],"version-history":[{"count":17,"href":"https:\/\/www.lesacduberger.com\/en\/wp-json\/wp\/v2\/posts\/30710\/revisions"}],"predecessor-version":[{"id":37906,"href":"https:\/\/www.lesacduberger.com\/en\/wp-json\/wp\/v2\/posts\/30710\/revisions\/37906"}],"wp:featuredmedia":[{"embeddable":true,"href":"https:\/\/www.lesacduberger.com\/en\/wp-json\/wp\/v2\/media\/30713"}],"wp:attachment":[{"href":"https:\/\/www.lesacduberger.com\/en\/wp-json\/wp\/v2\/media?parent=30710"}],"wp:term":[{"taxonomy":"category","embeddable":true,"href":"https:\/\/www.lesacduberger.com\/en\/wp-json\/wp\/v2\/categories?post=30710"},{"taxonomy":"post_tag","embeddable":true,"href":"https:\/\/www.lesacduberger.com\/en\/wp-json\/wp\/v2\/tags?post=30710"}],"curies":[{"name":"wp","href":"https:\/\/api.w.org\/{rel}","templated":true}]}}