{"id":31043,"date":"2021-12-09T12:29:15","date_gmt":"2021-12-09T11:29:15","guid":{"rendered":"https:\/\/www.lesacduberger.com\/?p=31043"},"modified":"2022-12-16T11:28:03","modified_gmt":"2022-12-16T10:28:03","slug":"meeting-mireille-couturiere-workshop","status":"publish","type":"post","link":"https:\/\/www.lesacduberger.com\/en\/meeting-mireille-couturiere-workshop\/","title":{"rendered":"Meet Mireille, seamstress in our workshop"},"content":{"rendered":"<p><em>Mireille has been working at Le Sac du Berger for 15 years. She specializes in making our garments, and today invites you to discover her trade.<\/em><\/p>\n\n\n\n<h4 class=\"wp-block-heading\">What was your background?<\/h4>\n\n\n\n<p>I obtained my CAP in sewing in 1982, and immediately began working as a seamstress in a variety of sectors, from lingerie and swimwear to sportswear, suits and saddlery...<br>Since 2006, I've been working at Atelier Le Sac du Berger, where I make clothes.<\/p>\n\n\n\n<figure class=\"wp-block-image size-large\"><a href=\"https:\/\/www.lesacduberger.com\/wp-content\/uploads\/2021\/12\/IMG_1907-1-scaled.jpg\"><img fetchpriority=\"high\" decoding=\"async\" width=\"1024\" height=\"769\" src=\"https:\/\/www.lesacduberger.com\/wp-content\/uploads\/2021\/12\/IMG_1907-1-1024x769.jpg\" alt=\"\" class=\"wp-image-31082\" srcset=\"https:\/\/www.lesacduberger.com\/wp-content\/uploads\/2021\/12\/IMG_1907-1-1024x769.jpg 1024w, https:\/\/www.lesacduberger.com\/wp-content\/uploads\/2021\/12\/IMG_1907-1-220x165.jpg 220w, https:\/\/www.lesacduberger.com\/wp-content\/uploads\/2021\/12\/IMG_1907-1-768x577.jpg 768w, https:\/\/www.lesacduberger.com\/wp-content\/uploads\/2021\/12\/IMG_1907-1-1536x1153.jpg 1536w, https:\/\/www.lesacduberger.com\/wp-content\/uploads\/2021\/12\/IMG_1907-1-2048x1538.jpg 2048w, https:\/\/www.lesacduberger.com\/wp-content\/uploads\/2021\/12\/IMG_1907-1-800x601.jpg 800w\" sizes=\"(max-width: 1024px) 100vw, 1024px\" \/><\/a><\/figure>\n\n\n\n<h4 class=\"wp-block-heading\">Why did you choose this profession? <\/h4>\n\n\n\n<p>I've always loved sewing and creating.<\/p>\n\n\n\n<h4 class=\"wp-block-heading\">What makes your know-how unique?<\/h4>\n\n\n\n<p>There aren't many people like me who can make an object from start to finish, including pattern-making, tracing, assembly and finishing. I can even do alterations and repairs if necessary. <\/p>\n\n\n\n<figure class=\"wp-block-image size-large\"><a href=\"https:\/\/www.lesacduberger.com\/wp-content\/uploads\/2021\/12\/IMG_1928-1-scaled.jpg\"><img decoding=\"async\" width=\"1024\" height=\"769\" src=\"https:\/\/www.lesacduberger.com\/wp-content\/uploads\/2021\/12\/IMG_1928-1-1024x769.jpg\" alt=\"\" class=\"wp-image-31081\" srcset=\"https:\/\/www.lesacduberger.com\/wp-content\/uploads\/2021\/12\/IMG_1928-1-1024x769.jpg 1024w, https:\/\/www.lesacduberger.com\/wp-content\/uploads\/2021\/12\/IMG_1928-1-220x165.jpg 220w, https:\/\/www.lesacduberger.com\/wp-content\/uploads\/2021\/12\/IMG_1928-1-768x577.jpg 768w, https:\/\/www.lesacduberger.com\/wp-content\/uploads\/2021\/12\/IMG_1928-1-1536x1153.jpg 1536w, https:\/\/www.lesacduberger.com\/wp-content\/uploads\/2021\/12\/IMG_1928-1-2048x1538.jpg 2048w, https:\/\/www.lesacduberger.com\/wp-content\/uploads\/2021\/12\/IMG_1928-1-800x601.jpg 800w\" sizes=\"(max-width: 1024px) 100vw, 1024px\" \/><\/a><\/figure>\n\n\n\n<h4 class=\"wp-block-heading\">What products do you work on?<\/h4>\n\n\n\n<p>I make jackets, coats and vests. They can be made of goat or lamb leather, full woollen or woollen sheepskin. I also work on full-wool capes, as well as caps in goat or lamb leather or full-wool.<\/p>\n\n\n\n<figure class=\"wp-block-image size-large\"><a href=\"https:\/\/www.lesacduberger.com\/wp-content\/uploads\/2021\/12\/104_LeSacduBerger-SaisonAutomne-Hiver2021-scaled.jpg\"><img decoding=\"async\" width=\"681\" height=\"1024\" src=\"https:\/\/www.lesacduberger.com\/wp-content\/uploads\/2021\/12\/104_LeSacduBerger-SaisonAutomne-Hiver2021-681x1024.jpg\" alt=\"\" class=\"wp-image-31083\" srcset=\"https:\/\/www.lesacduberger.com\/wp-content\/uploads\/2021\/12\/104_LeSacduBerger-SaisonAutomne-Hiver2021-681x1024.jpg 681w, https:\/\/www.lesacduberger.com\/wp-content\/uploads\/2021\/12\/104_LeSacduBerger-SaisonAutomne-Hiver2021-220x331.jpg 220w, https:\/\/www.lesacduberger.com\/wp-content\/uploads\/2021\/12\/104_LeSacduBerger-SaisonAutomne-Hiver2021-768x1154.jpg 768w, https:\/\/www.lesacduberger.com\/wp-content\/uploads\/2021\/12\/104_LeSacduBerger-SaisonAutomne-Hiver2021-1022x1536.jpg 1022w, https:\/\/www.lesacduberger.com\/wp-content\/uploads\/2021\/12\/104_LeSacduBerger-SaisonAutomne-Hiver2021-1362x2048.jpg 1362w, https:\/\/www.lesacduberger.com\/wp-content\/uploads\/2021\/12\/104_LeSacduBerger-SaisonAutomne-Hiver2021-800x1203.jpg 800w, https:\/\/www.lesacduberger.com\/wp-content\/uploads\/2021\/12\/104_LeSacduBerger-SaisonAutomne-Hiver2021-scaled.jpg 1703w\" sizes=\"(max-width: 681px) 100vw, 681px\" \/><\/a><figcaption>Le Sac du Berger - Fall-Winter Season 2021 \u00a9 Franck Tourneret<\/figcaption><\/figure>\n\n\n\n<h4 class=\"wp-block-heading\">How would you describe the high standards of Atelier Le Sac du Berger? <\/h4>\n\n\n\n<p>The demand for meticulous work.<\/p>\n\n\n\n<h4 class=\"wp-block-heading\">What values do you share with Atelier Le Sac du Berger?<\/h4>\n\n\n\n<p>Beautiful materials, beautiful objects, quality, sourcing raw materials locally.<\/p>\n\n\n\n<h4 class=\"wp-block-heading\">A final word?<\/h4>\n\n\n\n<p>I love the workshop and I love what I do!<\/p>\n\n\n\n<p><\/p>\n\n\n\n<h2 class=\"wp-block-heading\">Discover another inspiring encounter soon!<\/h2>","protected":false},"excerpt":{"rendered":"<p>Mireille travaille depuis 15 ans \u00e0 l&rsquo;atelier Le Sac du Berger. Elle s&rsquo;est sp\u00e9cialis\u00e9e dans la confection de nos v\u00eatements et vous fait d\u00e9couvrir aujourd&rsquo;hui son m\u00e9tier. Quel a \u00e9t\u00e9 votre parcours ? J\u2019ai eu mon CAP Couture en 1982 et j&rsquo;ai imm\u00e9diatement travaill\u00e9 en tant que couturi\u00e8re dans diff\u00e9rents secteurs allant de la lingerie, [&hellip;]<\/p>\n","protected":false},"author":16790,"featured_media":31080,"comment_status":"open","ping_status":"open","sticky":false,"template":"","format":"standard","meta":{"footnotes":""},"categories":[2109],"tags":[],"class_list":["post-31043","post","type-post","status-publish","format-standard","has-post-thumbnail","hentry","category-rencontres-inspirantes"],"yoast_head":"<!-- This site is optimized with the Yoast SEO plugin v27.1.1 - https:\/\/yoast.com\/product\/yoast-seo-wordpress\/ -->\n<title>Rencontre avec Mireille, couturi\u00e8re dans notre atelier - Le Sac du Berger<\/title>\n<meta name=\"description\" content=\"Partez \u00e0 la rencontre de Mireille, notre couturi\u00e8re \u00e0 l&#039;atelier qui nous raconte tout sur son m\u00e9tier et sa passion.\" \/>\n<meta name=\"robots\" content=\"index, follow, max-snippet:-1, max-image-preview:large, max-video-preview:-1\" \/>\n<link rel=\"canonical\" href=\"https:\/\/www.lesacduberger.com\/en\/meeting-mireille-couturiere-workshop\/\" \/>\n<meta property=\"og:locale\" content=\"en_US\" \/>\n<meta property=\"og:title\" content=\"Rencontre avec Mireille, couturi\u00e8re dans notre atelier - Le Sac du Berger\" \/>\n<meta property=\"og:description\" content=\"Partez \u00e0 la rencontre de Mireille, notre couturi\u00e8re \u00e0 l&#039;atelier qui nous raconte tout sur son m\u00e9tier et sa passion.\" \/>\n<meta property=\"og:url\" content=\"https:\/\/www.lesacduberger.com\/en\/meeting-mireille-couturiere-workshop\/\" \/>\n<meta property=\"og:site_name\" content=\"Le Sac du Berger\" \/>\n<meta property=\"article:publisher\" content=\"https:\/\/www.facebook.com\/lesacduberger\" \/>\n<meta property=\"article:published_time\" content=\"2021-12-09T11:29:15+00:00\" \/>\n<meta property=\"article:modified_time\" content=\"2022-12-16T10:28:03+00:00\" \/>\n<meta property=\"og:image\" content=\"https:\/\/www.lesacduberger.com\/wp-content\/uploads\/2021\/12\/Mireille-1024x769.jpg\" \/>\n\t<meta property=\"og:image:width\" content=\"1024\" \/>\n\t<meta property=\"og:image:height\" content=\"769\" \/>\n\t<meta property=\"og:image:type\" content=\"image\/jpeg\" \/>\n<meta name=\"author\" content=\"Am\u00e9lie MONNEY-MAURIAL\" \/>\n<meta name=\"twitter:card\" content=\"summary_large_image\" \/>\n<script type=\"application\/ld+json\" class=\"yoast-schema-graph\">{\"@context\":\"https:\/\/schema.org\",\"@graph\":[{\"@type\":\"Article\",\"@id\":\"https:\/\/www.lesacduberger.com\/rencontre-mireille-couturiere-atelier\/#article\",\"isPartOf\":{\"@id\":\"https:\/\/www.lesacduberger.com\/rencontre-mireille-couturiere-atelier\/\"},\"author\":{\"name\":\"Am\u00e9lie MONNEY-MAURIAL\",\"@id\":\"https:\/\/www.lesacduberger.com\/#\/schema\/person\/0a686519405cb137331fe34dab6b8e4a\"},\"headline\":\"Rencontre avec Mireille, couturi\u00e8re dans notre atelier\",\"datePublished\":\"2021-12-09T11:29:15+00:00\",\"dateModified\":\"2022-12-16T10:28:03+00:00\",\"mainEntityOfPage\":{\"@id\":\"https:\/\/www.lesacduberger.com\/rencontre-mireille-couturiere-atelier\/\"},\"wordCount\":307,\"commentCount\":0,\"publisher\":{\"@id\":\"https:\/\/www.lesacduberger.com\/#organization\"},\"image\":{\"@id\":\"https:\/\/www.lesacduberger.com\/rencontre-mireille-couturiere-atelier\/#primaryimage\"},\"thumbnailUrl\":\"https:\/\/www.lesacduberger.com\/wp-content\/uploads\/2021\/12\/Mireille-scaled.jpg\",\"articleSection\":[\"Rencontres inspirantes\"],\"inLanguage\":\"en-US\",\"potentialAction\":[{\"@type\":\"CommentAction\",\"name\":\"Comment\",\"target\":[\"https:\/\/www.lesacduberger.com\/rencontre-mireille-couturiere-atelier\/#respond\"]}]},{\"@type\":\"WebPage\",\"@id\":\"https:\/\/www.lesacduberger.com\/rencontre-mireille-couturiere-atelier\/\",\"url\":\"https:\/\/www.lesacduberger.com\/rencontre-mireille-couturiere-atelier\/\",\"name\":\"Rencontre avec Mireille, couturi\u00e8re dans notre atelier - Le Sac du Berger\",\"isPartOf\":{\"@id\":\"https:\/\/www.lesacduberger.com\/#website\"},\"primaryImageOfPage\":{\"@id\":\"https:\/\/www.lesacduberger.com\/rencontre-mireille-couturiere-atelier\/#primaryimage\"},\"image\":{\"@id\":\"https:\/\/www.lesacduberger.com\/rencontre-mireille-couturiere-atelier\/#primaryimage\"},\"thumbnailUrl\":\"https:\/\/www.lesacduberger.com\/wp-content\/uploads\/2021\/12\/Mireille-scaled.jpg\",\"datePublished\":\"2021-12-09T11:29:15+00:00\",\"dateModified\":\"2022-12-16T10:28:03+00:00\",\"description\":\"Partez \u00e0 la rencontre de Mireille, notre couturi\u00e8re \u00e0 l'atelier qui nous raconte tout sur son m\u00e9tier et sa passion.\",\"breadcrumb\":{\"@id\":\"https:\/\/www.lesacduberger.com\/rencontre-mireille-couturiere-atelier\/#breadcrumb\"},\"inLanguage\":\"en-US\",\"potentialAction\":[{\"@type\":\"ReadAction\",\"target\":[\"https:\/\/www.lesacduberger.com\/rencontre-mireille-couturiere-atelier\/\"]}]},{\"@type\":\"ImageObject\",\"inLanguage\":\"en-US\",\"@id\":\"https:\/\/www.lesacduberger.com\/rencontre-mireille-couturiere-atelier\/#primaryimage\",\"url\":\"https:\/\/www.lesacduberger.com\/wp-content\/uploads\/2021\/12\/Mireille-scaled.jpg\",\"contentUrl\":\"https:\/\/www.lesacduberger.com\/wp-content\/uploads\/2021\/12\/Mireille-scaled.jpg\",\"width\":2560,\"height\":1922,\"caption\":\"Cr\u00e9ation maroquinerie\"},{\"@type\":\"BreadcrumbList\",\"@id\":\"https:\/\/www.lesacduberger.com\/rencontre-mireille-couturiere-atelier\/#breadcrumb\",\"itemListElement\":[{\"@type\":\"ListItem\",\"position\":1,\"name\":\"Accueil\",\"item\":\"https:\/\/www.lesacduberger.com\/\"},{\"@type\":\"ListItem\",\"position\":2,\"name\":\"Rencontre avec Mirei&hellip;\"}]},{\"@type\":\"WebSite\",\"@id\":\"https:\/\/www.lesacduberger.com\/#website\",\"url\":\"https:\/\/www.lesacduberger.com\/\",\"name\":\"Le Sac du Berger\",\"description\":\"\",\"publisher\":{\"@id\":\"https:\/\/www.lesacduberger.com\/#organization\"},\"potentialAction\":[{\"@type\":\"SearchAction\",\"target\":{\"@type\":\"EntryPoint\",\"urlTemplate\":\"https:\/\/www.lesacduberger.com\/?s={search_term_string}\"},\"query-input\":{\"@type\":\"PropertyValueSpecification\",\"valueRequired\":true,\"valueName\":\"search_term_string\"}}],\"inLanguage\":\"en-US\"},{\"@type\":\"Organization\",\"@id\":\"https:\/\/www.lesacduberger.com\/#organization\",\"name\":\"Le Sac du Berger\",\"url\":\"https:\/\/www.lesacduberger.com\/\",\"logo\":{\"@type\":\"ImageObject\",\"inLanguage\":\"en-US\",\"@id\":\"https:\/\/www.lesacduberger.com\/#\/schema\/logo\/image\/\",\"url\":\"https:\/\/www.lesacduberger.com\/wp-content\/uploads\/2020\/09\/Logo-Sac-du-Berger-blanc-OK.png\",\"contentUrl\":\"https:\/\/www.lesacduberger.com\/wp-content\/uploads\/2020\/09\/Logo-Sac-du-Berger-blanc-OK.png\",\"width\":2093,\"height\":510,\"caption\":\"Le Sac du Berger\"},\"image\":{\"@id\":\"https:\/\/www.lesacduberger.com\/#\/schema\/logo\/image\/\"},\"sameAs\":[\"https:\/\/www.facebook.com\/lesacduberger\",\"https:\/\/www.instagram.com\/lesacduberger\/?hl=fr\"]},{\"@type\":\"Person\",\"@id\":\"https:\/\/www.lesacduberger.com\/#\/schema\/person\/0a686519405cb137331fe34dab6b8e4a\",\"name\":\"Am\u00e9lie MONNEY-MAURIAL\",\"image\":{\"@type\":\"ImageObject\",\"inLanguage\":\"en-US\",\"@id\":\"https:\/\/www.lesacduberger.com\/#\/schema\/person\/image\/\",\"url\":\"https:\/\/secure.gravatar.com\/avatar\/8d039690a5bd963a1e005394e455bea2b22a0ccd34b065af65335987359f8820?s=96&d=mm&r=g\",\"contentUrl\":\"https:\/\/secure.gravatar.com\/avatar\/8d039690a5bd963a1e005394e455bea2b22a0ccd34b065af65335987359f8820?s=96&d=mm&r=g\",\"caption\":\"Am\u00e9lie MONNEY-MAURIAL\"}}]}<\/script>\n<!-- \/ Yoast SEO plugin. -->","yoast_head_json":{"title":"Meet Mireille, seamstress in our workshop - Le Sac du Berger","description":"Meet Mireille, our workshop seamstress, who tells us all about her job and her passion.","robots":{"index":"index","follow":"follow","max-snippet":"max-snippet:-1","max-image-preview":"max-image-preview:large","max-video-preview":"max-video-preview:-1"},"canonical":"https:\/\/www.lesacduberger.com\/en\/meeting-mireille-couturiere-workshop\/","og_locale":"en_US","og_title":"Rencontre avec Mireille, couturi\u00e8re dans notre atelier - Le Sac du Berger","og_description":"Partez \u00e0 la rencontre de Mireille, notre couturi\u00e8re \u00e0 l'atelier qui nous raconte tout sur son m\u00e9tier et sa passion.","og_url":"https:\/\/www.lesacduberger.com\/en\/meeting-mireille-couturiere-workshop\/","og_site_name":"Le Sac du Berger","article_publisher":"https:\/\/www.facebook.com\/lesacduberger","article_published_time":"2021-12-09T11:29:15+00:00","article_modified_time":"2022-12-16T10:28:03+00:00","og_image":[{"width":1024,"height":769,"url":"https:\/\/www.lesacduberger.com\/wp-content\/uploads\/2021\/12\/Mireille-1024x769.jpg","type":"image\/jpeg"}],"author":"Am\u00e9lie MONNEY-MAURIAL","twitter_card":"summary_large_image","schema":{"@context":"https:\/\/schema.org","@graph":[{"@type":"Article","@id":"https:\/\/www.lesacduberger.com\/rencontre-mireille-couturiere-atelier\/#article","isPartOf":{"@id":"https:\/\/www.lesacduberger.com\/rencontre-mireille-couturiere-atelier\/"},"author":{"name":"Am\u00e9lie MONNEY-MAURIAL","@id":"https:\/\/www.lesacduberger.com\/#\/schema\/person\/0a686519405cb137331fe34dab6b8e4a"},"headline":"Rencontre avec Mireille, couturi\u00e8re dans notre atelier","datePublished":"2021-12-09T11:29:15+00:00","dateModified":"2022-12-16T10:28:03+00:00","mainEntityOfPage":{"@id":"https:\/\/www.lesacduberger.com\/rencontre-mireille-couturiere-atelier\/"},"wordCount":307,"commentCount":0,"publisher":{"@id":"https:\/\/www.lesacduberger.com\/#organization"},"image":{"@id":"https:\/\/www.lesacduberger.com\/rencontre-mireille-couturiere-atelier\/#primaryimage"},"thumbnailUrl":"https:\/\/www.lesacduberger.com\/wp-content\/uploads\/2021\/12\/Mireille-scaled.jpg","articleSection":["Rencontres inspirantes"],"inLanguage":"en-US","potentialAction":[{"@type":"CommentAction","name":"Comment","target":["https:\/\/www.lesacduberger.com\/rencontre-mireille-couturiere-atelier\/#respond"]}]},{"@type":"WebPage","@id":"https:\/\/www.lesacduberger.com\/rencontre-mireille-couturiere-atelier\/","url":"https:\/\/www.lesacduberger.com\/rencontre-mireille-couturiere-atelier\/","name":"Meet Mireille, seamstress in our workshop - Le Sac du Berger","isPartOf":{"@id":"https:\/\/www.lesacduberger.com\/#website"},"primaryImageOfPage":{"@id":"https:\/\/www.lesacduberger.com\/rencontre-mireille-couturiere-atelier\/#primaryimage"},"image":{"@id":"https:\/\/www.lesacduberger.com\/rencontre-mireille-couturiere-atelier\/#primaryimage"},"thumbnailUrl":"https:\/\/www.lesacduberger.com\/wp-content\/uploads\/2021\/12\/Mireille-scaled.jpg","datePublished":"2021-12-09T11:29:15+00:00","dateModified":"2022-12-16T10:28:03+00:00","description":"Meet Mireille, our workshop seamstress, who tells us all about her job and her passion.","breadcrumb":{"@id":"https:\/\/www.lesacduberger.com\/rencontre-mireille-couturiere-atelier\/#breadcrumb"},"inLanguage":"en-US","potentialAction":[{"@type":"ReadAction","target":["https:\/\/www.lesacduberger.com\/rencontre-mireille-couturiere-atelier\/"]}]},{"@type":"ImageObject","inLanguage":"en-US","@id":"https:\/\/www.lesacduberger.com\/rencontre-mireille-couturiere-atelier\/#primaryimage","url":"https:\/\/www.lesacduberger.com\/wp-content\/uploads\/2021\/12\/Mireille-scaled.jpg","contentUrl":"https:\/\/www.lesacduberger.com\/wp-content\/uploads\/2021\/12\/Mireille-scaled.jpg","width":2560,"height":1922,"caption":"Cr\u00e9ation maroquinerie"},{"@type":"BreadcrumbList","@id":"https:\/\/www.lesacduberger.com\/rencontre-mireille-couturiere-atelier\/#breadcrumb","itemListElement":[{"@type":"ListItem","position":1,"name":"Accueil","item":"https:\/\/www.lesacduberger.com\/"},{"@type":"ListItem","position":2,"name":"Rencontre avec Mirei&hellip;"}]},{"@type":"WebSite","@id":"https:\/\/www.lesacduberger.com\/#website","url":"https:\/\/www.lesacduberger.com\/","name":"Le Sac du Berger","description":"","publisher":{"@id":"https:\/\/www.lesacduberger.com\/#organization"},"potentialAction":[{"@type":"SearchAction","target":{"@type":"EntryPoint","urlTemplate":"https:\/\/www.lesacduberger.com\/?s={search_term_string}"},"query-input":{"@type":"PropertyValueSpecification","valueRequired":true,"valueName":"search_term_string"}}],"inLanguage":"en-US"},{"@type":"Organization","@id":"https:\/\/www.lesacduberger.com\/#organization","name":"Le Sac du Berger","url":"https:\/\/www.lesacduberger.com\/","logo":{"@type":"ImageObject","inLanguage":"en-US","@id":"https:\/\/www.lesacduberger.com\/#\/schema\/logo\/image\/","url":"https:\/\/www.lesacduberger.com\/wp-content\/uploads\/2020\/09\/Logo-Sac-du-Berger-blanc-OK.png","contentUrl":"https:\/\/www.lesacduberger.com\/wp-content\/uploads\/2020\/09\/Logo-Sac-du-Berger-blanc-OK.png","width":2093,"height":510,"caption":"Le Sac du Berger"},"image":{"@id":"https:\/\/www.lesacduberger.com\/#\/schema\/logo\/image\/"},"sameAs":["https:\/\/www.facebook.com\/lesacduberger","https:\/\/www.instagram.com\/lesacduberger\/?hl=fr"]},{"@type":"Person","@id":"https:\/\/www.lesacduberger.com\/#\/schema\/person\/0a686519405cb137331fe34dab6b8e4a","name":"Am\u00e9lie MONNEY-MAURIAL","image":{"@type":"ImageObject","inLanguage":"en-US","@id":"https:\/\/www.lesacduberger.com\/#\/schema\/person\/image\/","url":"https:\/\/secure.gravatar.com\/avatar\/8d039690a5bd963a1e005394e455bea2b22a0ccd34b065af65335987359f8820?s=96&d=mm&r=g","contentUrl":"https:\/\/secure.gravatar.com\/avatar\/8d039690a5bd963a1e005394e455bea2b22a0ccd34b065af65335987359f8820?s=96&d=mm&r=g","caption":"Am\u00e9lie MONNEY-MAURIAL"}}]}},"_links":{"self":[{"href":"https:\/\/www.lesacduberger.com\/en\/wp-json\/wp\/v2\/posts\/31043","targetHints":{"allow":["GET"]}}],"collection":[{"href":"https:\/\/www.lesacduberger.com\/en\/wp-json\/wp\/v2\/posts"}],"about":[{"href":"https:\/\/www.lesacduberger.com\/en\/wp-json\/wp\/v2\/types\/post"}],"author":[{"embeddable":true,"href":"https:\/\/www.lesacduberger.com\/en\/wp-json\/wp\/v2\/users\/16790"}],"replies":[{"embeddable":true,"href":"https:\/\/www.lesacduberger.com\/en\/wp-json\/wp\/v2\/comments?post=31043"}],"version-history":[{"count":7,"href":"https:\/\/www.lesacduberger.com\/en\/wp-json\/wp\/v2\/posts\/31043\/revisions"}],"predecessor-version":[{"id":31305,"href":"https:\/\/www.lesacduberger.com\/en\/wp-json\/wp\/v2\/posts\/31043\/revisions\/31305"}],"wp:featuredmedia":[{"embeddable":true,"href":"https:\/\/www.lesacduberger.com\/en\/wp-json\/wp\/v2\/media\/31080"}],"wp:attachment":[{"href":"https:\/\/www.lesacduberger.com\/en\/wp-json\/wp\/v2\/media?parent=31043"}],"wp:term":[{"taxonomy":"category","embeddable":true,"href":"https:\/\/www.lesacduberger.com\/en\/wp-json\/wp\/v2\/categories?post=31043"},{"taxonomy":"post_tag","embeddable":true,"href":"https:\/\/www.lesacduberger.com\/en\/wp-json\/wp\/v2\/tags?post=31043"}],"curies":[{"name":"wp","href":"https:\/\/api.w.org\/{rel}","templated":true}]}}