{"id":32043,"date":"2022-03-16T15:39:58","date_gmt":"2022-03-16T14:39:58","guid":{"rendered":"https:\/\/www.lesacduberger.com\/?p=32043"},"modified":"2023-02-15T16:02:44","modified_gmt":"2023-02-15T15:02:44","slug":"find-le-sac-du-berger-at-the-salon-vivre-autrement-in-paris","status":"publish","type":"post","link":"https:\/\/www.lesacduberger.com\/en\/find-le-sac-du-berger-at-the-salon-vivre-autrement-in-paris\/","title":{"rendered":"Meet Le Sac du Berger at the \"Vivre autrement\" trade show in Paris!"},"content":{"rendered":"<p>From March 18 to 21, 2022, at the Parc Floral de Paris, we look forward to seeing you at the Vivre Autrement trade show! Dedicated to ecology and respect for the environment, the show features conferences and workshops! <\/p>\n\n\n\n<p>The main questions? <\/p>\n\n\n\n<blockquote class=\"wp-block-quote is-layout-flow wp-block-quote-is-layout-flow\"><p><em>\"Eat differently, do good differently,<\/em> <em>dress differently, escape differently, think differently, live differently.\"<\/em><\/p><\/blockquote>\n\n\n\n<h2 class=\"wp-block-heading\"><strong>Meet Le Sac du Berger at Vivre Autrement!<\/strong><\/h2>\n\n\n\n<p>Faithful to our values of quality and authenticity, and to our artisanal approach in which the object regains its function as a life companion, we invite you to visit us at <strong>our stand E36,<\/strong> at <a href=\"https:\/\/www.salon-vivreautrement.com\/\" target=\"_blank\" rel=\"noreferrer noopener\">exhibition<\/a> Live differently!<\/p>\n\n\n<div class=\"wp-block-image\">\n<figure class=\"aligncenter size-full\"><a href=\"https:\/\/www.lesacduberger.com\/wp-content\/uploads\/2022\/03\/logo-VA-2022.png\"><img fetchpriority=\"high\" decoding=\"async\" width=\"500\" height=\"170\" src=\"https:\/\/www.lesacduberger.com\/wp-content\/uploads\/2022\/03\/logo-VA-2022.png\" alt=\"live differently\" class=\"wp-image-32050\" srcset=\"https:\/\/www.lesacduberger.com\/wp-content\/uploads\/2022\/03\/logo-VA-2022.png 500w, https:\/\/www.lesacduberger.com\/wp-content\/uploads\/2022\/03\/logo-VA-2022-220x75.png 220w\" sizes=\"(max-width: 500px) 100vw, 500px\" \/><\/a><\/figure>\n<\/div>\n\n\n<h2 class=\"wp-block-heading\"><strong>Discovering virtuous French brands<\/strong><\/h2>\n\n\n\n<p><strong>Isa<\/strong> will be present on our stand, to let you discover our workshop and our creations, from leather goods to shoes and clothing. Other French brands, who share the same vision and advocate virtuous consumption, will be present at this committed trade show.<\/p>\n\n\n\n<figure class=\"wp-block-image size-large\"><a href=\"https:\/\/www.lesacduberger.com\/wp-content\/uploads\/2022\/03\/Florent_Schneider-295_bd-scaled.jpg\"><img decoding=\"async\" width=\"1024\" height=\"683\" src=\"https:\/\/www.lesacduberger.com\/wp-content\/uploads\/2022\/03\/Florent_Schneider-295_bd-1024x683.jpg\" alt=\"the shepherd&#039;s bag\" class=\"wp-image-32052\" srcset=\"https:\/\/www.lesacduberger.com\/wp-content\/uploads\/2022\/03\/Florent_Schneider-295_bd-1024x683.jpg 1024w, https:\/\/www.lesacduberger.com\/wp-content\/uploads\/2022\/03\/Florent_Schneider-295_bd-220x147.jpg 220w, https:\/\/www.lesacduberger.com\/wp-content\/uploads\/2022\/03\/Florent_Schneider-295_bd-768x512.jpg 768w, https:\/\/www.lesacduberger.com\/wp-content\/uploads\/2022\/03\/Florent_Schneider-295_bd-1536x1024.jpg 1536w, https:\/\/www.lesacduberger.com\/wp-content\/uploads\/2022\/03\/Florent_Schneider-295_bd-2048x1365.jpg 2048w, https:\/\/www.lesacduberger.com\/wp-content\/uploads\/2022\/03\/Florent_Schneider-295_bd-800x533.jpg 800w\" sizes=\"(max-width: 1024px) 100vw, 1024px\" \/><\/a><\/figure>\n\n\n\n<hr class=\"wp-block-separator has-text-color has-css-opacity has-background\" style=\"background-color:#e1bb93;color:#e1bb93\"\/>\n\n\n\n<div class=\"wp-block-columns is-layout-flex wp-container-core-columns-is-layout-9d6595d7 wp-block-columns-is-layout-flex\">\n<div class=\"wp-block-column is-layout-flow wp-block-column-is-layout-flow\">\n<h2 class=\"wp-block-heading\"><strong>WHEN?<\/strong><\/h2>\n\n\n\n<p>Friday, March 18 to Monday, March 21, 2022<\/p>\n\n\n\n<p>Friday, Saturday and Sunday: 10:30 a.m. to 7 p.m. - last admission 6:30 p.m.<\/p>\n\n\n\n<p>Monday, closes at 6 p.m. - last entry at 5:30 p.m.<\/p>\n<\/div>\n\n\n\n<div class=\"wp-block-column is-layout-flow wp-block-column-is-layout-flow\">\n<h2 class=\"wp-block-heading\"><strong>WHERE?<\/strong><\/h2>\n\n\n\n<p>At the Parc Floral de Paris<\/p>\n\n\n\n<p>Paris 12e - Bois de Vincennes<\/p>\n<\/div>\n\n\n\n<div class=\"wp-block-column is-layout-flow wp-block-column-is-layout-flow\">\n<h2 class=\"wp-block-heading\"><strong>HOW MUCH?<\/strong><\/h2>\n\n\n\n<p>Don't hesitate to <a href=\"https:\/\/www.salon-vivreautrement.com\/entree-gratuite\/)\">register<\/a> for a free invitation to the show!<\/p>\n\n\n\n<p>Admission \u20ac7* (includes access to stands and workshops)<\/p>\n\n\n\n<p>Free for under 25s, unemployed, RSA, students and disabled persons<\/p>\n<\/div>\n<\/div>","protected":false},"excerpt":{"rendered":"<p>Du 18 au 21 mars 2022, au Parc Floral de Paris, nous vous attendons au salon&nbsp;Vivre Autrement&nbsp;! Consacr\u00e9 \u00e0 l\u2019\u00e9cologie, au respect de l\u2019environnement, le salon propose des conf\u00e9rences et des ateliers&nbsp;! Les questions principales&nbsp;? \u00ab&nbsp;Se nourrir autrement, se faire du bien autrement, s\u2019habiller autrement, s\u2019\u00e9vader autrement, penser autrement, habiter autrement.&nbsp;\u00bb Rendez-vous avec Le Sac [&hellip;]<\/p>\n","protected":false},"author":16864,"featured_media":32052,"comment_status":"open","ping_status":"open","sticky":false,"template":"","format":"standard","meta":{"footnotes":""},"categories":[3],"tags":[],"class_list":["post-32043","post","type-post","status-publish","format-standard","has-post-thumbnail","hentry","category-actualites"],"yoast_head":"<!-- This site is optimized with the Yoast SEO plugin v27.1.1 - https:\/\/yoast.com\/product\/yoast-seo-wordpress\/ -->\n<title>Salon &quot;Vivre Autrement&quot; \u00e0 Paris, Le Sac du Berger y Participe !<\/title>\n<meta name=\"description\" content=\"Rendez-vous avec Le Sac du Berger au salon Vivre autrement, pour d\u00e9couvrir nos pi\u00e8ces \u00e9coresponsables et \u00e9thiques ! Consacr\u00e9 \u00e0 l&#039;\u00e9cologie, au respect de l&#039;environnement.\" \/>\n<meta name=\"robots\" content=\"index, follow, max-snippet:-1, max-image-preview:large, max-video-preview:-1\" \/>\n<link rel=\"canonical\" href=\"https:\/\/www.lesacduberger.com\/en\/find-le-sac-du-berger-at-the-salon-vivre-autrement-in-paris\/\" \/>\n<meta property=\"og:locale\" content=\"en_US\" \/>\n<meta property=\"og:title\" content=\"Salon &quot;Vivre Autrement&quot; \u00e0 Paris, Le Sac du Berger y Participe !\" \/>\n<meta property=\"og:description\" content=\"Rendez-vous avec Le Sac du Berger au salon Vivre autrement, pour d\u00e9couvrir nos pi\u00e8ces \u00e9coresponsables et \u00e9thiques ! Consacr\u00e9 \u00e0 l&#039;\u00e9cologie, au respect de l&#039;environnement.\" \/>\n<meta property=\"og:url\" content=\"https:\/\/www.lesacduberger.com\/en\/find-le-sac-du-berger-at-the-salon-vivre-autrement-in-paris\/\" \/>\n<meta property=\"og:site_name\" content=\"Le Sac du Berger\" \/>\n<meta property=\"article:publisher\" content=\"https:\/\/www.facebook.com\/lesacduberger\" \/>\n<meta property=\"article:published_time\" content=\"2022-03-16T14:39:58+00:00\" \/>\n<meta property=\"article:modified_time\" content=\"2023-02-15T15:02:44+00:00\" \/>\n<meta property=\"og:image\" content=\"https:\/\/www.lesacduberger.com\/wp-content\/uploads\/2022\/03\/Florent_Schneider-295_bd-1024x683.jpg\" \/>\n\t<meta property=\"og:image:width\" content=\"1024\" \/>\n\t<meta property=\"og:image:height\" content=\"683\" \/>\n\t<meta property=\"og:image:type\" content=\"image\/jpeg\" \/>\n<meta name=\"author\" content=\"Edm\u00e9e GARCIA-MARILLER\" \/>\n<meta name=\"twitter:card\" content=\"summary_large_image\" \/>\n<script type=\"application\/ld+json\" class=\"yoast-schema-graph\">{\"@context\":\"https:\/\/schema.org\",\"@graph\":[{\"@type\":\"Article\",\"@id\":\"https:\/\/www.lesacduberger.com\/retrouvez-le-sac-du-berger-au-salon-vivre-autrement-a-paris\/#article\",\"isPartOf\":{\"@id\":\"https:\/\/www.lesacduberger.com\/retrouvez-le-sac-du-berger-au-salon-vivre-autrement-a-paris\/\"},\"author\":{\"name\":\"Edm\u00e9e GARCIA-MARILLER\",\"@id\":\"https:\/\/www.lesacduberger.com\/#\/schema\/person\/3a40d4becc64b2f577786fc0aae3ca3a\"},\"headline\":\"Retrouvez Le Sac du Berger au salon \u00ab\u00a0Vivre autrement\u00a0\u00bb \u00e0 Paris !\",\"datePublished\":\"2022-03-16T14:39:58+00:00\",\"dateModified\":\"2023-02-15T15:02:44+00:00\",\"mainEntityOfPage\":{\"@id\":\"https:\/\/www.lesacduberger.com\/retrouvez-le-sac-du-berger-au-salon-vivre-autrement-a-paris\/\"},\"wordCount\":257,\"commentCount\":0,\"publisher\":{\"@id\":\"https:\/\/www.lesacduberger.com\/#organization\"},\"image\":{\"@id\":\"https:\/\/www.lesacduberger.com\/retrouvez-le-sac-du-berger-au-salon-vivre-autrement-a-paris\/#primaryimage\"},\"thumbnailUrl\":\"https:\/\/www.lesacduberger.com\/wp-content\/uploads\/2022\/03\/Florent_Schneider-295_bd-scaled.jpg\",\"articleSection\":[\"Nos actualit\u00e9s\"],\"inLanguage\":\"en-US\",\"potentialAction\":[{\"@type\":\"CommentAction\",\"name\":\"Comment\",\"target\":[\"https:\/\/www.lesacduberger.com\/retrouvez-le-sac-du-berger-au-salon-vivre-autrement-a-paris\/#respond\"]}]},{\"@type\":\"WebPage\",\"@id\":\"https:\/\/www.lesacduberger.com\/retrouvez-le-sac-du-berger-au-salon-vivre-autrement-a-paris\/\",\"url\":\"https:\/\/www.lesacduberger.com\/retrouvez-le-sac-du-berger-au-salon-vivre-autrement-a-paris\/\",\"name\":\"Salon \\\"Vivre Autrement\\\" \u00e0 Paris, Le Sac du Berger y Participe !\",\"isPartOf\":{\"@id\":\"https:\/\/www.lesacduberger.com\/#website\"},\"primaryImageOfPage\":{\"@id\":\"https:\/\/www.lesacduberger.com\/retrouvez-le-sac-du-berger-au-salon-vivre-autrement-a-paris\/#primaryimage\"},\"image\":{\"@id\":\"https:\/\/www.lesacduberger.com\/retrouvez-le-sac-du-berger-au-salon-vivre-autrement-a-paris\/#primaryimage\"},\"thumbnailUrl\":\"https:\/\/www.lesacduberger.com\/wp-content\/uploads\/2022\/03\/Florent_Schneider-295_bd-scaled.jpg\",\"datePublished\":\"2022-03-16T14:39:58+00:00\",\"dateModified\":\"2023-02-15T15:02:44+00:00\",\"description\":\"Rendez-vous avec Le Sac du Berger au salon Vivre autrement, pour d\u00e9couvrir nos pi\u00e8ces \u00e9coresponsables et \u00e9thiques ! Consacr\u00e9 \u00e0 l'\u00e9cologie, au respect de l'environnement.\",\"breadcrumb\":{\"@id\":\"https:\/\/www.lesacduberger.com\/retrouvez-le-sac-du-berger-au-salon-vivre-autrement-a-paris\/#breadcrumb\"},\"inLanguage\":\"en-US\",\"potentialAction\":[{\"@type\":\"ReadAction\",\"target\":[\"https:\/\/www.lesacduberger.com\/retrouvez-le-sac-du-berger-au-salon-vivre-autrement-a-paris\/\"]}]},{\"@type\":\"ImageObject\",\"inLanguage\":\"en-US\",\"@id\":\"https:\/\/www.lesacduberger.com\/retrouvez-le-sac-du-berger-au-salon-vivre-autrement-a-paris\/#primaryimage\",\"url\":\"https:\/\/www.lesacduberger.com\/wp-content\/uploads\/2022\/03\/Florent_Schneider-295_bd-scaled.jpg\",\"contentUrl\":\"https:\/\/www.lesacduberger.com\/wp-content\/uploads\/2022\/03\/Florent_Schneider-295_bd-scaled.jpg\",\"width\":2560,\"height\":1707,\"caption\":\"le sac du berger\"},{\"@type\":\"BreadcrumbList\",\"@id\":\"https:\/\/www.lesacduberger.com\/retrouvez-le-sac-du-berger-au-salon-vivre-autrement-a-paris\/#breadcrumb\",\"itemListElement\":[{\"@type\":\"ListItem\",\"position\":1,\"name\":\"Accueil\",\"item\":\"https:\/\/www.lesacduberger.com\/\"},{\"@type\":\"ListItem\",\"position\":2,\"name\":\"Retrouvez Le Sac du &hellip;\"}]},{\"@type\":\"WebSite\",\"@id\":\"https:\/\/www.lesacduberger.com\/#website\",\"url\":\"https:\/\/www.lesacduberger.com\/\",\"name\":\"Le Sac du Berger\",\"description\":\"\",\"publisher\":{\"@id\":\"https:\/\/www.lesacduberger.com\/#organization\"},\"potentialAction\":[{\"@type\":\"SearchAction\",\"target\":{\"@type\":\"EntryPoint\",\"urlTemplate\":\"https:\/\/www.lesacduberger.com\/?s={search_term_string}\"},\"query-input\":{\"@type\":\"PropertyValueSpecification\",\"valueRequired\":true,\"valueName\":\"search_term_string\"}}],\"inLanguage\":\"en-US\"},{\"@type\":\"Organization\",\"@id\":\"https:\/\/www.lesacduberger.com\/#organization\",\"name\":\"Le Sac du Berger\",\"url\":\"https:\/\/www.lesacduberger.com\/\",\"logo\":{\"@type\":\"ImageObject\",\"inLanguage\":\"en-US\",\"@id\":\"https:\/\/www.lesacduberger.com\/#\/schema\/logo\/image\/\",\"url\":\"https:\/\/www.lesacduberger.com\/wp-content\/uploads\/2020\/09\/Logo-Sac-du-Berger-blanc-OK.png\",\"contentUrl\":\"https:\/\/www.lesacduberger.com\/wp-content\/uploads\/2020\/09\/Logo-Sac-du-Berger-blanc-OK.png\",\"width\":2093,\"height\":510,\"caption\":\"Le Sac du Berger\"},\"image\":{\"@id\":\"https:\/\/www.lesacduberger.com\/#\/schema\/logo\/image\/\"},\"sameAs\":[\"https:\/\/www.facebook.com\/lesacduberger\",\"https:\/\/www.instagram.com\/lesacduberger\/?hl=fr\"]},{\"@type\":\"Person\",\"@id\":\"https:\/\/www.lesacduberger.com\/#\/schema\/person\/3a40d4becc64b2f577786fc0aae3ca3a\",\"name\":\"Edm\u00e9e GARCIA-MARILLER\",\"image\":{\"@type\":\"ImageObject\",\"inLanguage\":\"en-US\",\"@id\":\"https:\/\/www.lesacduberger.com\/#\/schema\/person\/image\/\",\"url\":\"https:\/\/secure.gravatar.com\/avatar\/85361b26616b4600d324d19607014e4b5715055bdaae703c020fd2b334c6d714?s=96&d=mm&r=g\",\"contentUrl\":\"https:\/\/secure.gravatar.com\/avatar\/85361b26616b4600d324d19607014e4b5715055bdaae703c020fd2b334c6d714?s=96&d=mm&r=g\",\"caption\":\"Edm\u00e9e GARCIA-MARILLER\"}}]}<\/script>\n<!-- \/ Yoast SEO plugin. -->","yoast_head_json":{"title":"Salon \"Vivre Autrement\" in Paris, Le Sac du Berger takes part!","description":"Join Le Sac du Berger at the Vivre autrement trade show, to discover our eco-friendly and ethical pieces! Dedicated to ecology and respect for the environment.","robots":{"index":"index","follow":"follow","max-snippet":"max-snippet:-1","max-image-preview":"max-image-preview:large","max-video-preview":"max-video-preview:-1"},"canonical":"https:\/\/www.lesacduberger.com\/en\/find-le-sac-du-berger-at-the-salon-vivre-autrement-in-paris\/","og_locale":"en_US","og_title":"Salon \"Vivre Autrement\" \u00e0 Paris, Le Sac du Berger y Participe !","og_description":"Rendez-vous avec Le Sac du Berger au salon Vivre autrement, pour d\u00e9couvrir nos pi\u00e8ces \u00e9coresponsables et \u00e9thiques ! Consacr\u00e9 \u00e0 l'\u00e9cologie, au respect de l'environnement.","og_url":"https:\/\/www.lesacduberger.com\/en\/find-le-sac-du-berger-at-the-salon-vivre-autrement-in-paris\/","og_site_name":"Le Sac du Berger","article_publisher":"https:\/\/www.facebook.com\/lesacduberger","article_published_time":"2022-03-16T14:39:58+00:00","article_modified_time":"2023-02-15T15:02:44+00:00","og_image":[{"width":1024,"height":683,"url":"https:\/\/www.lesacduberger.com\/wp-content\/uploads\/2022\/03\/Florent_Schneider-295_bd-1024x683.jpg","type":"image\/jpeg"}],"author":"Edm\u00e9e GARCIA-MARILLER","twitter_card":"summary_large_image","schema":{"@context":"https:\/\/schema.org","@graph":[{"@type":"Article","@id":"https:\/\/www.lesacduberger.com\/retrouvez-le-sac-du-berger-au-salon-vivre-autrement-a-paris\/#article","isPartOf":{"@id":"https:\/\/www.lesacduberger.com\/retrouvez-le-sac-du-berger-au-salon-vivre-autrement-a-paris\/"},"author":{"name":"Edm\u00e9e GARCIA-MARILLER","@id":"https:\/\/www.lesacduberger.com\/#\/schema\/person\/3a40d4becc64b2f577786fc0aae3ca3a"},"headline":"Retrouvez Le Sac du Berger au salon \u00ab\u00a0Vivre autrement\u00a0\u00bb \u00e0 Paris !","datePublished":"2022-03-16T14:39:58+00:00","dateModified":"2023-02-15T15:02:44+00:00","mainEntityOfPage":{"@id":"https:\/\/www.lesacduberger.com\/retrouvez-le-sac-du-berger-au-salon-vivre-autrement-a-paris\/"},"wordCount":257,"commentCount":0,"publisher":{"@id":"https:\/\/www.lesacduberger.com\/#organization"},"image":{"@id":"https:\/\/www.lesacduberger.com\/retrouvez-le-sac-du-berger-au-salon-vivre-autrement-a-paris\/#primaryimage"},"thumbnailUrl":"https:\/\/www.lesacduberger.com\/wp-content\/uploads\/2022\/03\/Florent_Schneider-295_bd-scaled.jpg","articleSection":["Nos actualit\u00e9s"],"inLanguage":"en-US","potentialAction":[{"@type":"CommentAction","name":"Comment","target":["https:\/\/www.lesacduberger.com\/retrouvez-le-sac-du-berger-au-salon-vivre-autrement-a-paris\/#respond"]}]},{"@type":"WebPage","@id":"https:\/\/www.lesacduberger.com\/retrouvez-le-sac-du-berger-au-salon-vivre-autrement-a-paris\/","url":"https:\/\/www.lesacduberger.com\/retrouvez-le-sac-du-berger-au-salon-vivre-autrement-a-paris\/","name":"Salon \"Vivre Autrement\" in Paris, Le Sac du Berger takes part!","isPartOf":{"@id":"https:\/\/www.lesacduberger.com\/#website"},"primaryImageOfPage":{"@id":"https:\/\/www.lesacduberger.com\/retrouvez-le-sac-du-berger-au-salon-vivre-autrement-a-paris\/#primaryimage"},"image":{"@id":"https:\/\/www.lesacduberger.com\/retrouvez-le-sac-du-berger-au-salon-vivre-autrement-a-paris\/#primaryimage"},"thumbnailUrl":"https:\/\/www.lesacduberger.com\/wp-content\/uploads\/2022\/03\/Florent_Schneider-295_bd-scaled.jpg","datePublished":"2022-03-16T14:39:58+00:00","dateModified":"2023-02-15T15:02:44+00:00","description":"Join Le Sac du Berger at the Vivre autrement trade show, to discover our eco-friendly and ethical pieces! Dedicated to ecology and respect for the environment.","breadcrumb":{"@id":"https:\/\/www.lesacduberger.com\/retrouvez-le-sac-du-berger-au-salon-vivre-autrement-a-paris\/#breadcrumb"},"inLanguage":"en-US","potentialAction":[{"@type":"ReadAction","target":["https:\/\/www.lesacduberger.com\/retrouvez-le-sac-du-berger-au-salon-vivre-autrement-a-paris\/"]}]},{"@type":"ImageObject","inLanguage":"en-US","@id":"https:\/\/www.lesacduberger.com\/retrouvez-le-sac-du-berger-au-salon-vivre-autrement-a-paris\/#primaryimage","url":"https:\/\/www.lesacduberger.com\/wp-content\/uploads\/2022\/03\/Florent_Schneider-295_bd-scaled.jpg","contentUrl":"https:\/\/www.lesacduberger.com\/wp-content\/uploads\/2022\/03\/Florent_Schneider-295_bd-scaled.jpg","width":2560,"height":1707,"caption":"le sac du berger"},{"@type":"BreadcrumbList","@id":"https:\/\/www.lesacduberger.com\/retrouvez-le-sac-du-berger-au-salon-vivre-autrement-a-paris\/#breadcrumb","itemListElement":[{"@type":"ListItem","position":1,"name":"Accueil","item":"https:\/\/www.lesacduberger.com\/"},{"@type":"ListItem","position":2,"name":"Retrouvez Le Sac du &hellip;"}]},{"@type":"WebSite","@id":"https:\/\/www.lesacduberger.com\/#website","url":"https:\/\/www.lesacduberger.com\/","name":"Le Sac du Berger","description":"","publisher":{"@id":"https:\/\/www.lesacduberger.com\/#organization"},"potentialAction":[{"@type":"SearchAction","target":{"@type":"EntryPoint","urlTemplate":"https:\/\/www.lesacduberger.com\/?s={search_term_string}"},"query-input":{"@type":"PropertyValueSpecification","valueRequired":true,"valueName":"search_term_string"}}],"inLanguage":"en-US"},{"@type":"Organization","@id":"https:\/\/www.lesacduberger.com\/#organization","name":"Le Sac du Berger","url":"https:\/\/www.lesacduberger.com\/","logo":{"@type":"ImageObject","inLanguage":"en-US","@id":"https:\/\/www.lesacduberger.com\/#\/schema\/logo\/image\/","url":"https:\/\/www.lesacduberger.com\/wp-content\/uploads\/2020\/09\/Logo-Sac-du-Berger-blanc-OK.png","contentUrl":"https:\/\/www.lesacduberger.com\/wp-content\/uploads\/2020\/09\/Logo-Sac-du-Berger-blanc-OK.png","width":2093,"height":510,"caption":"Le Sac du Berger"},"image":{"@id":"https:\/\/www.lesacduberger.com\/#\/schema\/logo\/image\/"},"sameAs":["https:\/\/www.facebook.com\/lesacduberger","https:\/\/www.instagram.com\/lesacduberger\/?hl=fr"]},{"@type":"Person","@id":"https:\/\/www.lesacduberger.com\/#\/schema\/person\/3a40d4becc64b2f577786fc0aae3ca3a","name":"Edm\u00e9e GARCIA-MARILLER","image":{"@type":"ImageObject","inLanguage":"en-US","@id":"https:\/\/www.lesacduberger.com\/#\/schema\/person\/image\/","url":"https:\/\/secure.gravatar.com\/avatar\/85361b26616b4600d324d19607014e4b5715055bdaae703c020fd2b334c6d714?s=96&d=mm&r=g","contentUrl":"https:\/\/secure.gravatar.com\/avatar\/85361b26616b4600d324d19607014e4b5715055bdaae703c020fd2b334c6d714?s=96&d=mm&r=g","caption":"Edm\u00e9e GARCIA-MARILLER"}}]}},"_links":{"self":[{"href":"https:\/\/www.lesacduberger.com\/en\/wp-json\/wp\/v2\/posts\/32043","targetHints":{"allow":["GET"]}}],"collection":[{"href":"https:\/\/www.lesacduberger.com\/en\/wp-json\/wp\/v2\/posts"}],"about":[{"href":"https:\/\/www.lesacduberger.com\/en\/wp-json\/wp\/v2\/types\/post"}],"author":[{"embeddable":true,"href":"https:\/\/www.lesacduberger.com\/en\/wp-json\/wp\/v2\/users\/16864"}],"replies":[{"embeddable":true,"href":"https:\/\/www.lesacduberger.com\/en\/wp-json\/wp\/v2\/comments?post=32043"}],"version-history":[{"count":12,"href":"https:\/\/www.lesacduberger.com\/en\/wp-json\/wp\/v2\/posts\/32043\/revisions"}],"predecessor-version":[{"id":34888,"href":"https:\/\/www.lesacduberger.com\/en\/wp-json\/wp\/v2\/posts\/32043\/revisions\/34888"}],"wp:featuredmedia":[{"embeddable":true,"href":"https:\/\/www.lesacduberger.com\/en\/wp-json\/wp\/v2\/media\/32052"}],"wp:attachment":[{"href":"https:\/\/www.lesacduberger.com\/en\/wp-json\/wp\/v2\/media?parent=32043"}],"wp:term":[{"taxonomy":"category","embeddable":true,"href":"https:\/\/www.lesacduberger.com\/en\/wp-json\/wp\/v2\/categories?post=32043"},{"taxonomy":"post_tag","embeddable":true,"href":"https:\/\/www.lesacduberger.com\/en\/wp-json\/wp\/v2\/tags?post=32043"}],"curies":[{"name":"wp","href":"https:\/\/api.w.org\/{rel}","templated":true}]}}