{"id":32057,"date":"2022-03-16T15:49:06","date_gmt":"2022-03-16T14:49:06","guid":{"rendered":"https:\/\/www.lesacduberger.com\/?p=32057"},"modified":"2022-03-16T15:49:09","modified_gmt":"2022-03-16T14:49:09","slug":"meeting-with-eric-notre-bottier","status":"publish","type":"post","link":"https:\/\/www.lesacduberger.com\/en\/meeting-with-eric-notre-bottier\/","title":{"rendered":"Meet \u00c9ric, our bootmaker"},"content":{"rendered":"<p>At Atelier Le Sac du Berger, the love of craftsmanship and creativity always comes first! Our team is made up of talented individuals, and today we'd like to chat with \u00c9ric Gallo, our bootmaker!<\/p>\n\n\n\n<h3 class=\"wp-block-heading\">What was your background?<\/h3>\n\n\n\n<p>I underwent vocational retraining with RQTH (recognition of disabled worker status). This enabled me to complete two years of training at a shoemaking and multi-services school, followed by another year at a boot-making school.<\/p>\n\n\n\n<h3 class=\"wp-block-heading\"><strong>Why did you choose this profession?<\/strong><\/h3>\n\n\n\n<p>Being very manual and creative, I turned to what I wanted to do, work with my hands. Given that working with steel or wood was too constraining, I turned to leather, which remained my preference, and opted for shoes.<\/p>\n\n\n\n<h3 class=\"wp-block-heading\"><strong>What makes your know-how unique?<\/strong><\/h3>\n\n\n\n<p>I don't know if it's unique, but it's certainly unique to me. With my approach, my eye and my know-how about the work to be done and the materials, I carry out my task with the greatest possible care.<\/p>\n\n\n\n<figure class=\"wp-block-image size-full\"><a href=\"https:\/\/www.lesacduberger.com\/wp-content\/uploads\/2022\/03\/IMG_2020-1.jpg\"><img fetchpriority=\"high\" decoding=\"async\" width=\"768\" height=\"1023\" src=\"https:\/\/www.lesacduberger.com\/wp-content\/uploads\/2022\/03\/IMG_2020-1.jpg\" alt=\"bootmaker\" class=\"wp-image-32083\" srcset=\"https:\/\/www.lesacduberger.com\/wp-content\/uploads\/2022\/03\/IMG_2020-1.jpg 768w, https:\/\/www.lesacduberger.com\/wp-content\/uploads\/2022\/03\/IMG_2020-1-220x293.jpg 220w, https:\/\/www.lesacduberger.com\/wp-content\/uploads\/2022\/03\/IMG_2020-1-450x600.jpg 450w\" sizes=\"(max-width: 768px) 100vw, 768px\" \/><\/a><\/figure>\n\n\n\n<h3 class=\"wp-block-heading\"><strong>How did you hear about Le Sac du Berger?<\/strong><\/h3>\n\n\n\n<p>When I was looking for an internship, a friend in the neighboring region told me about it and introduced me to an associate at Sac du Berger, who sent me to the company.<\/p>\n\n\n\n<h3 class=\"wp-block-heading\"><strong>What products do you work on?<\/strong><\/h3>\n\n\n\n<p>Mainly shoes and sandals. I make them from scratch, which allows me to control quality throughout. I also work on repairs.<\/p>\n\n\n\n<figure class=\"wp-block-image size-large\"><a href=\"https:\/\/www.lesacduberger.com\/wp-content\/uploads\/2022\/03\/IMG_2055-scaled.jpg\"><img decoding=\"async\" width=\"769\" height=\"1024\" src=\"https:\/\/www.lesacduberger.com\/wp-content\/uploads\/2022\/03\/IMG_2055-769x1024.jpg\" alt=\"\" class=\"wp-image-32111\" srcset=\"https:\/\/www.lesacduberger.com\/wp-content\/uploads\/2022\/03\/IMG_2055-769x1024.jpg 769w, https:\/\/www.lesacduberger.com\/wp-content\/uploads\/2022\/03\/IMG_2055-220x293.jpg 220w, https:\/\/www.lesacduberger.com\/wp-content\/uploads\/2022\/03\/IMG_2055-768x1023.jpg 768w, https:\/\/www.lesacduberger.com\/wp-content\/uploads\/2022\/03\/IMG_2055-1153x1536.jpg 1153w, https:\/\/www.lesacduberger.com\/wp-content\/uploads\/2022\/03\/IMG_2055-1538x2048.jpg 1538w, https:\/\/www.lesacduberger.com\/wp-content\/uploads\/2022\/03\/IMG_2055-800x1066.jpg 800w, https:\/\/www.lesacduberger.com\/wp-content\/uploads\/2022\/03\/IMG_2055-450x600.jpg 450w, https:\/\/www.lesacduberger.com\/wp-content\/uploads\/2022\/03\/IMG_2055-scaled.jpg 1922w\" sizes=\"(max-width: 769px) 100vw, 769px\" \/><\/a><\/figure>\n\n\n\n<h3 class=\"wp-block-heading\"><strong>How would you describe the high standards of Atelier Le Sac du Berger?<\/strong><\/h3>\n\n\n\n<p>At the workshop, we're committed to the artisanal way of working. In fact, each product is made from start to finish by the same person.<\/p>\n\n\n\n<h3 class=\"wp-block-heading\"><strong>What values do you share with Le Sac du Berger?<\/strong><\/h3>\n\n\n\n<p>Craftsmanship, quality, know-how and transmission.<\/p>\n\n\n\n<h3 class=\"wp-block-heading\"><strong>What is the strength of the Shepherd's Bag for the future?<\/strong><\/h3>\n\n\n\n<p>We are a Living Heritage Company! It's a label that recognizes excellent industrial and craft skills, and aims to preserve and enhance them for the future.<\/p>\n\n\n\n<h3 class=\"wp-block-heading\"><strong>A final word?<\/strong><\/h3>\n\n\n\n<p>Glad to have shared my enriching experience. Thank you very much!<\/p>","protected":false},"excerpt":{"rendered":"<p>\u00c0 l\u2019Atelier Le Sac du Berger, l\u2019amour du m\u00e9tier manuel et cr\u00e9atif prime toujours&nbsp;! Notre \u00e9quipe est compos\u00e9e de personnalit\u00e9s talentueuses et aujourd\u2019hui, nous vous proposons un \u00e9change avec \u00c9ric Gallo, notre bottier&nbsp;! Quel a \u00e9t\u00e9 votre parcours ? J\u2019ai effectu\u00e9 une reconversion professionnelle avec RQTH (reconnaissance de la qualit\u00e9 de travailleur handicap\u00e9). Cela m\u2019a [&hellip;]<\/p>\n","protected":false},"author":16864,"featured_media":32086,"comment_status":"open","ping_status":"open","sticky":false,"template":"","format":"standard","meta":{"footnotes":""},"categories":[2109],"tags":[],"class_list":["post-32057","post","type-post","status-publish","format-standard","has-post-thumbnail","hentry","category-rencontres-inspirantes"],"yoast_head":"<!-- This site is optimized with the Yoast SEO plugin v27.1.1 - https:\/\/yoast.com\/product\/yoast-seo-wordpress\/ -->\n<title>Rencontre avec \u00c9ric, notre bottier - Le Sac du Berger<\/title>\n<meta name=\"description\" content=\"Partez \u00e0 la rencontre de notre bottier \u00c9ric, qui nous raconte son parcours, son m\u00e9tier et sa passion pour l&#039;artisanat !\" \/>\n<meta name=\"robots\" content=\"index, follow, max-snippet:-1, max-image-preview:large, max-video-preview:-1\" \/>\n<link rel=\"canonical\" href=\"https:\/\/www.lesacduberger.com\/en\/meeting-with-eric-notre-bottier\/\" \/>\n<meta property=\"og:locale\" content=\"en_US\" \/>\n<meta property=\"og:title\" content=\"Rencontre avec \u00c9ric, notre bottier - Le Sac du Berger\" \/>\n<meta property=\"og:description\" content=\"Partez \u00e0 la rencontre de notre bottier \u00c9ric, qui nous raconte son parcours, son m\u00e9tier et sa passion pour l&#039;artisanat !\" \/>\n<meta property=\"og:url\" content=\"https:\/\/www.lesacduberger.com\/en\/meeting-with-eric-notre-bottier\/\" \/>\n<meta property=\"og:site_name\" content=\"Le Sac du Berger\" \/>\n<meta property=\"article:publisher\" content=\"https:\/\/www.facebook.com\/lesacduberger\" \/>\n<meta property=\"article:published_time\" content=\"2022-03-16T14:49:06+00:00\" \/>\n<meta property=\"article:modified_time\" content=\"2022-03-16T14:49:09+00:00\" \/>\n<meta property=\"og:image\" content=\"https:\/\/www.lesacduberger.com\/wp-content\/uploads\/2022\/03\/IMG_2029.jpg\" \/>\n\t<meta property=\"og:image:width\" content=\"768\" \/>\n\t<meta property=\"og:image:height\" content=\"1023\" \/>\n\t<meta property=\"og:image:type\" content=\"image\/jpeg\" \/>\n<meta name=\"author\" content=\"Edm\u00e9e GARCIA-MARILLER\" \/>\n<meta name=\"twitter:card\" content=\"summary_large_image\" \/>\n<script type=\"application\/ld+json\" class=\"yoast-schema-graph\">{\"@context\":\"https:\/\/schema.org\",\"@graph\":[{\"@type\":\"Article\",\"@id\":\"https:\/\/www.lesacduberger.com\/rencontre-avec-eric-notre-bottier\/#article\",\"isPartOf\":{\"@id\":\"https:\/\/www.lesacduberger.com\/rencontre-avec-eric-notre-bottier\/\"},\"author\":{\"name\":\"Edm\u00e9e GARCIA-MARILLER\",\"@id\":\"https:\/\/www.lesacduberger.com\/#\/schema\/person\/3a40d4becc64b2f577786fc0aae3ca3a\"},\"headline\":\"Rencontre avec \u00c9ric, notre bottier\",\"datePublished\":\"2022-03-16T14:49:06+00:00\",\"dateModified\":\"2022-03-16T14:49:09+00:00\",\"mainEntityOfPage\":{\"@id\":\"https:\/\/www.lesacduberger.com\/rencontre-avec-eric-notre-bottier\/\"},\"wordCount\":400,\"commentCount\":0,\"publisher\":{\"@id\":\"https:\/\/www.lesacduberger.com\/#organization\"},\"image\":{\"@id\":\"https:\/\/www.lesacduberger.com\/rencontre-avec-eric-notre-bottier\/#primaryimage\"},\"thumbnailUrl\":\"https:\/\/www.lesacduberger.com\/wp-content\/uploads\/2022\/03\/IMG_2029.jpg\",\"articleSection\":[\"Rencontres inspirantes\"],\"inLanguage\":\"en-US\",\"potentialAction\":[{\"@type\":\"CommentAction\",\"name\":\"Comment\",\"target\":[\"https:\/\/www.lesacduberger.com\/rencontre-avec-eric-notre-bottier\/#respond\"]}]},{\"@type\":\"WebPage\",\"@id\":\"https:\/\/www.lesacduberger.com\/rencontre-avec-eric-notre-bottier\/\",\"url\":\"https:\/\/www.lesacduberger.com\/rencontre-avec-eric-notre-bottier\/\",\"name\":\"Rencontre avec \u00c9ric, notre bottier - Le Sac du Berger\",\"isPartOf\":{\"@id\":\"https:\/\/www.lesacduberger.com\/#website\"},\"primaryImageOfPage\":{\"@id\":\"https:\/\/www.lesacduberger.com\/rencontre-avec-eric-notre-bottier\/#primaryimage\"},\"image\":{\"@id\":\"https:\/\/www.lesacduberger.com\/rencontre-avec-eric-notre-bottier\/#primaryimage\"},\"thumbnailUrl\":\"https:\/\/www.lesacduberger.com\/wp-content\/uploads\/2022\/03\/IMG_2029.jpg\",\"datePublished\":\"2022-03-16T14:49:06+00:00\",\"dateModified\":\"2022-03-16T14:49:09+00:00\",\"description\":\"Partez \u00e0 la rencontre de notre bottier \u00c9ric, qui nous raconte son parcours, son m\u00e9tier et sa passion pour l'artisanat !\",\"breadcrumb\":{\"@id\":\"https:\/\/www.lesacduberger.com\/rencontre-avec-eric-notre-bottier\/#breadcrumb\"},\"inLanguage\":\"en-US\",\"potentialAction\":[{\"@type\":\"ReadAction\",\"target\":[\"https:\/\/www.lesacduberger.com\/rencontre-avec-eric-notre-bottier\/\"]}]},{\"@type\":\"ImageObject\",\"inLanguage\":\"en-US\",\"@id\":\"https:\/\/www.lesacduberger.com\/rencontre-avec-eric-notre-bottier\/#primaryimage\",\"url\":\"https:\/\/www.lesacduberger.com\/wp-content\/uploads\/2022\/03\/IMG_2029.jpg\",\"contentUrl\":\"https:\/\/www.lesacduberger.com\/wp-content\/uploads\/2022\/03\/IMG_2029.jpg\",\"width\":768,\"height\":1023,\"caption\":\"Chaussure en cuir\"},{\"@type\":\"BreadcrumbList\",\"@id\":\"https:\/\/www.lesacduberger.com\/rencontre-avec-eric-notre-bottier\/#breadcrumb\",\"itemListElement\":[{\"@type\":\"ListItem\",\"position\":1,\"name\":\"Accueil\",\"item\":\"https:\/\/www.lesacduberger.com\/\"},{\"@type\":\"ListItem\",\"position\":2,\"name\":\"Rencontre avec \u00c9ric&hellip;\"}]},{\"@type\":\"WebSite\",\"@id\":\"https:\/\/www.lesacduberger.com\/#website\",\"url\":\"https:\/\/www.lesacduberger.com\/\",\"name\":\"Le Sac du Berger\",\"description\":\"\",\"publisher\":{\"@id\":\"https:\/\/www.lesacduberger.com\/#organization\"},\"potentialAction\":[{\"@type\":\"SearchAction\",\"target\":{\"@type\":\"EntryPoint\",\"urlTemplate\":\"https:\/\/www.lesacduberger.com\/?s={search_term_string}\"},\"query-input\":{\"@type\":\"PropertyValueSpecification\",\"valueRequired\":true,\"valueName\":\"search_term_string\"}}],\"inLanguage\":\"en-US\"},{\"@type\":\"Organization\",\"@id\":\"https:\/\/www.lesacduberger.com\/#organization\",\"name\":\"Le Sac du Berger\",\"url\":\"https:\/\/www.lesacduberger.com\/\",\"logo\":{\"@type\":\"ImageObject\",\"inLanguage\":\"en-US\",\"@id\":\"https:\/\/www.lesacduberger.com\/#\/schema\/logo\/image\/\",\"url\":\"https:\/\/www.lesacduberger.com\/wp-content\/uploads\/2020\/09\/Logo-Sac-du-Berger-blanc-OK.png\",\"contentUrl\":\"https:\/\/www.lesacduberger.com\/wp-content\/uploads\/2020\/09\/Logo-Sac-du-Berger-blanc-OK.png\",\"width\":2093,\"height\":510,\"caption\":\"Le Sac du Berger\"},\"image\":{\"@id\":\"https:\/\/www.lesacduberger.com\/#\/schema\/logo\/image\/\"},\"sameAs\":[\"https:\/\/www.facebook.com\/lesacduberger\",\"https:\/\/www.instagram.com\/lesacduberger\/?hl=fr\"]},{\"@type\":\"Person\",\"@id\":\"https:\/\/www.lesacduberger.com\/#\/schema\/person\/3a40d4becc64b2f577786fc0aae3ca3a\",\"name\":\"Edm\u00e9e GARCIA-MARILLER\",\"image\":{\"@type\":\"ImageObject\",\"inLanguage\":\"en-US\",\"@id\":\"https:\/\/www.lesacduberger.com\/#\/schema\/person\/image\/\",\"url\":\"https:\/\/secure.gravatar.com\/avatar\/85361b26616b4600d324d19607014e4b5715055bdaae703c020fd2b334c6d714?s=96&d=mm&r=g\",\"contentUrl\":\"https:\/\/secure.gravatar.com\/avatar\/85361b26616b4600d324d19607014e4b5715055bdaae703c020fd2b334c6d714?s=96&d=mm&r=g\",\"caption\":\"Edm\u00e9e GARCIA-MARILLER\"}}]}<\/script>\n<!-- \/ Yoast SEO plugin. -->","yoast_head_json":{"title":"Meet \u00c9ric, our bootmaker - Le Sac du Berger","description":"Meet our bootmaker \u00c9ric, who tells us about his career, his trade and his passion for craftsmanship!","robots":{"index":"index","follow":"follow","max-snippet":"max-snippet:-1","max-image-preview":"max-image-preview:large","max-video-preview":"max-video-preview:-1"},"canonical":"https:\/\/www.lesacduberger.com\/en\/meeting-with-eric-notre-bottier\/","og_locale":"en_US","og_title":"Rencontre avec \u00c9ric, notre bottier - Le Sac du Berger","og_description":"Partez \u00e0 la rencontre de notre bottier \u00c9ric, qui nous raconte son parcours, son m\u00e9tier et sa passion pour l'artisanat !","og_url":"https:\/\/www.lesacduberger.com\/en\/meeting-with-eric-notre-bottier\/","og_site_name":"Le Sac du Berger","article_publisher":"https:\/\/www.facebook.com\/lesacduberger","article_published_time":"2022-03-16T14:49:06+00:00","article_modified_time":"2022-03-16T14:49:09+00:00","og_image":[{"width":768,"height":1023,"url":"https:\/\/www.lesacduberger.com\/wp-content\/uploads\/2022\/03\/IMG_2029.jpg","type":"image\/jpeg"}],"author":"Edm\u00e9e GARCIA-MARILLER","twitter_card":"summary_large_image","schema":{"@context":"https:\/\/schema.org","@graph":[{"@type":"Article","@id":"https:\/\/www.lesacduberger.com\/rencontre-avec-eric-notre-bottier\/#article","isPartOf":{"@id":"https:\/\/www.lesacduberger.com\/rencontre-avec-eric-notre-bottier\/"},"author":{"name":"Edm\u00e9e GARCIA-MARILLER","@id":"https:\/\/www.lesacduberger.com\/#\/schema\/person\/3a40d4becc64b2f577786fc0aae3ca3a"},"headline":"Rencontre avec \u00c9ric, notre bottier","datePublished":"2022-03-16T14:49:06+00:00","dateModified":"2022-03-16T14:49:09+00:00","mainEntityOfPage":{"@id":"https:\/\/www.lesacduberger.com\/rencontre-avec-eric-notre-bottier\/"},"wordCount":400,"commentCount":0,"publisher":{"@id":"https:\/\/www.lesacduberger.com\/#organization"},"image":{"@id":"https:\/\/www.lesacduberger.com\/rencontre-avec-eric-notre-bottier\/#primaryimage"},"thumbnailUrl":"https:\/\/www.lesacduberger.com\/wp-content\/uploads\/2022\/03\/IMG_2029.jpg","articleSection":["Rencontres inspirantes"],"inLanguage":"en-US","potentialAction":[{"@type":"CommentAction","name":"Comment","target":["https:\/\/www.lesacduberger.com\/rencontre-avec-eric-notre-bottier\/#respond"]}]},{"@type":"WebPage","@id":"https:\/\/www.lesacduberger.com\/rencontre-avec-eric-notre-bottier\/","url":"https:\/\/www.lesacduberger.com\/rencontre-avec-eric-notre-bottier\/","name":"Meet \u00c9ric, our bootmaker - Le Sac du Berger","isPartOf":{"@id":"https:\/\/www.lesacduberger.com\/#website"},"primaryImageOfPage":{"@id":"https:\/\/www.lesacduberger.com\/rencontre-avec-eric-notre-bottier\/#primaryimage"},"image":{"@id":"https:\/\/www.lesacduberger.com\/rencontre-avec-eric-notre-bottier\/#primaryimage"},"thumbnailUrl":"https:\/\/www.lesacduberger.com\/wp-content\/uploads\/2022\/03\/IMG_2029.jpg","datePublished":"2022-03-16T14:49:06+00:00","dateModified":"2022-03-16T14:49:09+00:00","description":"Meet our bootmaker \u00c9ric, who tells us about his career, his trade and his passion for craftsmanship!","breadcrumb":{"@id":"https:\/\/www.lesacduberger.com\/rencontre-avec-eric-notre-bottier\/#breadcrumb"},"inLanguage":"en-US","potentialAction":[{"@type":"ReadAction","target":["https:\/\/www.lesacduberger.com\/rencontre-avec-eric-notre-bottier\/"]}]},{"@type":"ImageObject","inLanguage":"en-US","@id":"https:\/\/www.lesacduberger.com\/rencontre-avec-eric-notre-bottier\/#primaryimage","url":"https:\/\/www.lesacduberger.com\/wp-content\/uploads\/2022\/03\/IMG_2029.jpg","contentUrl":"https:\/\/www.lesacduberger.com\/wp-content\/uploads\/2022\/03\/IMG_2029.jpg","width":768,"height":1023,"caption":"Chaussure en cuir"},{"@type":"BreadcrumbList","@id":"https:\/\/www.lesacduberger.com\/rencontre-avec-eric-notre-bottier\/#breadcrumb","itemListElement":[{"@type":"ListItem","position":1,"name":"Accueil","item":"https:\/\/www.lesacduberger.com\/"},{"@type":"ListItem","position":2,"name":"Rencontre avec \u00c9ric&hellip;"}]},{"@type":"WebSite","@id":"https:\/\/www.lesacduberger.com\/#website","url":"https:\/\/www.lesacduberger.com\/","name":"Le Sac du Berger","description":"","publisher":{"@id":"https:\/\/www.lesacduberger.com\/#organization"},"potentialAction":[{"@type":"SearchAction","target":{"@type":"EntryPoint","urlTemplate":"https:\/\/www.lesacduberger.com\/?s={search_term_string}"},"query-input":{"@type":"PropertyValueSpecification","valueRequired":true,"valueName":"search_term_string"}}],"inLanguage":"en-US"},{"@type":"Organization","@id":"https:\/\/www.lesacduberger.com\/#organization","name":"Le Sac du Berger","url":"https:\/\/www.lesacduberger.com\/","logo":{"@type":"ImageObject","inLanguage":"en-US","@id":"https:\/\/www.lesacduberger.com\/#\/schema\/logo\/image\/","url":"https:\/\/www.lesacduberger.com\/wp-content\/uploads\/2020\/09\/Logo-Sac-du-Berger-blanc-OK.png","contentUrl":"https:\/\/www.lesacduberger.com\/wp-content\/uploads\/2020\/09\/Logo-Sac-du-Berger-blanc-OK.png","width":2093,"height":510,"caption":"Le Sac du Berger"},"image":{"@id":"https:\/\/www.lesacduberger.com\/#\/schema\/logo\/image\/"},"sameAs":["https:\/\/www.facebook.com\/lesacduberger","https:\/\/www.instagram.com\/lesacduberger\/?hl=fr"]},{"@type":"Person","@id":"https:\/\/www.lesacduberger.com\/#\/schema\/person\/3a40d4becc64b2f577786fc0aae3ca3a","name":"Edm\u00e9e GARCIA-MARILLER","image":{"@type":"ImageObject","inLanguage":"en-US","@id":"https:\/\/www.lesacduberger.com\/#\/schema\/person\/image\/","url":"https:\/\/secure.gravatar.com\/avatar\/85361b26616b4600d324d19607014e4b5715055bdaae703c020fd2b334c6d714?s=96&d=mm&r=g","contentUrl":"https:\/\/secure.gravatar.com\/avatar\/85361b26616b4600d324d19607014e4b5715055bdaae703c020fd2b334c6d714?s=96&d=mm&r=g","caption":"Edm\u00e9e GARCIA-MARILLER"}}]}},"_links":{"self":[{"href":"https:\/\/www.lesacduberger.com\/en\/wp-json\/wp\/v2\/posts\/32057","targetHints":{"allow":["GET"]}}],"collection":[{"href":"https:\/\/www.lesacduberger.com\/en\/wp-json\/wp\/v2\/posts"}],"about":[{"href":"https:\/\/www.lesacduberger.com\/en\/wp-json\/wp\/v2\/types\/post"}],"author":[{"embeddable":true,"href":"https:\/\/www.lesacduberger.com\/en\/wp-json\/wp\/v2\/users\/16864"}],"replies":[{"embeddable":true,"href":"https:\/\/www.lesacduberger.com\/en\/wp-json\/wp\/v2\/comments?post=32057"}],"version-history":[{"count":8,"href":"https:\/\/www.lesacduberger.com\/en\/wp-json\/wp\/v2\/posts\/32057\/revisions"}],"predecessor-version":[{"id":32113,"href":"https:\/\/www.lesacduberger.com\/en\/wp-json\/wp\/v2\/posts\/32057\/revisions\/32113"}],"wp:featuredmedia":[{"embeddable":true,"href":"https:\/\/www.lesacduberger.com\/en\/wp-json\/wp\/v2\/media\/32086"}],"wp:attachment":[{"href":"https:\/\/www.lesacduberger.com\/en\/wp-json\/wp\/v2\/media?parent=32057"}],"wp:term":[{"taxonomy":"category","embeddable":true,"href":"https:\/\/www.lesacduberger.com\/en\/wp-json\/wp\/v2\/categories?post=32057"},{"taxonomy":"post_tag","embeddable":true,"href":"https:\/\/www.lesacduberger.com\/en\/wp-json\/wp\/v2\/tags?post=32057"}],"curies":[{"name":"wp","href":"https:\/\/api.w.org\/{rel}","templated":true}]}}