{"id":669,"count":5,"description":"<h3>Quatre pi\u00e8ces, un m\u00eame esprit : celui d\u2019un v\u00eatement qui se vit, se porte, et se transmet.<\/h3>\r\nIci, la laine est choisie pour sa noblesse, les coupes pour leur intemporalit\u00e9, les d\u00e9tails pour leur justesse. Pas de superflu, seulement l\u2019essentiel : des mati\u00e8res qui durent, des gestes qui comptent, et une \u00e9l\u00e9gance n\u00e9e de la simplicit\u00e9.\r\n\r\nParce qu\u2019un v\u00eatement, c\u2019est bien plus qu\u2019un habit. C\u2019est une promesse de chaleur, de r\u00e9sistance, et de cette beaut\u00e9 discr\u00e8te qui na\u00eet quand le savoir-faire rencontre le temps.","link":"https:\/\/www.lesacduberger.com\/en\/product-category\/nouveautes\/","name":"News","slug":"nouveautes","taxonomy":"product_cat","parent":0,"meta":[],"z_taxonomy_image_url":"https:\/\/www.lesacduberger.com\/wp-content\/plugins\/categories-images\/assets\/images\/placeholder.png","yoast_head":"<!-- This site is optimized with the Yoast SEO plugin v27.1.1 - https:\/\/yoast.com\/product\/yoast-seo-wordpress\/ -->\n<title>La nouvelle collection de v\u00eatements laine - Le Sac du Berger<\/title>\n<meta name=\"description\" content=\"D\u00e9couvrez nos nouveaux mod\u00e8les, taill\u00e9s dans de la laine foulonn\u00e9e, imperm\u00e9able et coupe-vent. Chaque pi\u00e8ce est fabriqu\u00e9e dans notre atelier de Layrolle.\" \/>\n<meta name=\"robots\" content=\"index, follow, max-snippet:-1, max-image-preview:large, max-video-preview:-1\" \/>\n<link rel=\"canonical\" href=\"https:\/\/www.lesacduberger.com\/en\/product-category\/nouveautes\/\" \/>\n<meta property=\"og:locale\" content=\"en_US\" \/>\n<meta property=\"og:title\" content=\"La nouvelle collection de v\u00eatements laine - Le Sac du Berger\" \/>\n<meta property=\"og:description\" content=\"D\u00e9couvrez nos nouveaux mod\u00e8les, taill\u00e9s dans de la laine foulonn\u00e9e, imperm\u00e9able et coupe-vent. Chaque pi\u00e8ce est fabriqu\u00e9e dans notre atelier de Layrolle.\" \/>\n<meta property=\"og:url\" content=\"https:\/\/www.lesacduberger.com\/en\/product-category\/nouveautes\/\" \/>\n<meta property=\"og:site_name\" content=\"Le Sac du Berger\" \/>\n<meta property=\"og:image\" content=\"https:\/\/www.lesacduberger.com\/wp-content\/uploads\/2020\/11\/Sac-du-Berger-n%C2%B04-Sac-Rando-n%C2%B01-scaled.jpg\" \/>\n\t<meta property=\"og:image:width\" content=\"1709\" \/>\n\t<meta property=\"og:image:height\" content=\"2560\" \/>\n\t<meta property=\"og:image:type\" content=\"image\/jpeg\" \/>\n<meta name=\"twitter:card\" content=\"summary_large_image\" \/>\n<script type=\"application\/ld+json\" class=\"yoast-schema-graph\">{\"@context\":\"https:\/\/schema.org\",\"@graph\":[{\"@type\":\"CollectionPage\",\"@id\":\"https:\/\/www.lesacduberger.com\/categorie-produit\/nouveautes\/\",\"url\":\"https:\/\/www.lesacduberger.com\/categorie-produit\/nouveautes\/\",\"name\":\"La nouvelle collection de v\u00eatements laine - Le Sac du Berger\",\"isPartOf\":{\"@id\":\"https:\/\/www.lesacduberger.com\/#website\"},\"description\":\"D\u00e9couvrez nos nouveaux mod\u00e8les, taill\u00e9s dans de la laine foulonn\u00e9e, imperm\u00e9able et coupe-vent. Chaque pi\u00e8ce est fabriqu\u00e9e dans notre atelier de Layrolle.\",\"breadcrumb\":{\"@id\":\"https:\/\/www.lesacduberger.com\/categorie-produit\/nouveautes\/#breadcrumb\"},\"inLanguage\":\"en-US\"},{\"@type\":\"BreadcrumbList\",\"@id\":\"https:\/\/www.lesacduberger.com\/categorie-produit\/nouveautes\/#breadcrumb\",\"itemListElement\":[{\"@type\":\"ListItem\",\"position\":1,\"name\":\"Accueil\",\"item\":\"https:\/\/www.lesacduberger.com\/\"},{\"@type\":\"ListItem\",\"position\":2,\"name\":\"Nouveaut\u00e9s\"}]},{\"@type\":\"WebSite\",\"@id\":\"https:\/\/www.lesacduberger.com\/#website\",\"url\":\"https:\/\/www.lesacduberger.com\/\",\"name\":\"Le Sac du Berger\",\"description\":\"\",\"publisher\":{\"@id\":\"https:\/\/www.lesacduberger.com\/#organization\"},\"potentialAction\":[{\"@type\":\"SearchAction\",\"target\":{\"@type\":\"EntryPoint\",\"urlTemplate\":\"https:\/\/www.lesacduberger.com\/?s={search_term_string}\"},\"query-input\":{\"@type\":\"PropertyValueSpecification\",\"valueRequired\":true,\"valueName\":\"search_term_string\"}}],\"inLanguage\":\"en-US\"},{\"@type\":\"Organization\",\"@id\":\"https:\/\/www.lesacduberger.com\/#organization\",\"name\":\"Le Sac du Berger\",\"url\":\"https:\/\/www.lesacduberger.com\/\",\"logo\":{\"@type\":\"ImageObject\",\"inLanguage\":\"en-US\",\"@id\":\"https:\/\/www.lesacduberger.com\/#\/schema\/logo\/image\/\",\"url\":\"https:\/\/www.lesacduberger.com\/wp-content\/uploads\/2020\/09\/Logo-Sac-du-Berger-blanc-OK.png\",\"contentUrl\":\"https:\/\/www.lesacduberger.com\/wp-content\/uploads\/2020\/09\/Logo-Sac-du-Berger-blanc-OK.png\",\"width\":2093,\"height\":510,\"caption\":\"Le Sac du Berger\"},\"image\":{\"@id\":\"https:\/\/www.lesacduberger.com\/#\/schema\/logo\/image\/\"},\"sameAs\":[\"https:\/\/www.facebook.com\/lesacduberger\",\"https:\/\/www.instagram.com\/lesacduberger\/?hl=fr\"]}]}<\/script>\n<!-- \/ Yoast SEO plugin. -->","yoast_head_json":{"title":"La nouvelle collection de v\u00eatements laine - Le Sac du Berger","description":"D\u00e9couvrez nos nouveaux mod\u00e8les, taill\u00e9s dans de la laine foulonn\u00e9e, imperm\u00e9able et coupe-vent. Chaque pi\u00e8ce est fabriqu\u00e9e dans notre atelier de Layrolle.","robots":{"index":"index","follow":"follow","max-snippet":"max-snippet:-1","max-image-preview":"max-image-preview:large","max-video-preview":"max-video-preview:-1"},"canonical":"https:\/\/www.lesacduberger.com\/en\/product-category\/nouveautes\/","og_locale":"en_US","og_title":"La nouvelle collection de v\u00eatements laine - Le Sac du Berger","og_description":"D\u00e9couvrez nos nouveaux mod\u00e8les, taill\u00e9s dans de la laine foulonn\u00e9e, imperm\u00e9able et coupe-vent. Chaque pi\u00e8ce est fabriqu\u00e9e dans notre atelier de Layrolle.","og_url":"https:\/\/www.lesacduberger.com\/en\/product-category\/nouveautes\/","og_site_name":"Le Sac du Berger","og_image":[{"width":1709,"height":2560,"url":"https:\/\/www.lesacduberger.com\/wp-content\/uploads\/2020\/11\/Sac-du-Berger-n%C2%B04-Sac-Rando-n%C2%B01-scaled.jpg","type":"image\/jpeg"}],"twitter_card":"summary_large_image","schema":{"@context":"https:\/\/schema.org","@graph":[{"@type":"CollectionPage","@id":"https:\/\/www.lesacduberger.com\/categorie-produit\/nouveautes\/","url":"https:\/\/www.lesacduberger.com\/categorie-produit\/nouveautes\/","name":"La nouvelle collection de v\u00eatements laine - Le Sac du Berger","isPartOf":{"@id":"https:\/\/www.lesacduberger.com\/#website"},"description":"D\u00e9couvrez nos nouveaux mod\u00e8les, taill\u00e9s dans de la laine foulonn\u00e9e, imperm\u00e9able et coupe-vent. Chaque pi\u00e8ce est fabriqu\u00e9e dans notre atelier de Layrolle.","breadcrumb":{"@id":"https:\/\/www.lesacduberger.com\/categorie-produit\/nouveautes\/#breadcrumb"},"inLanguage":"en-US"},{"@type":"BreadcrumbList","@id":"https:\/\/www.lesacduberger.com\/categorie-produit\/nouveautes\/#breadcrumb","itemListElement":[{"@type":"ListItem","position":1,"name":"Accueil","item":"https:\/\/www.lesacduberger.com\/"},{"@type":"ListItem","position":2,"name":"Nouveaut\u00e9s"}]},{"@type":"WebSite","@id":"https:\/\/www.lesacduberger.com\/#website","url":"https:\/\/www.lesacduberger.com\/","name":"Le Sac du Berger","description":"","publisher":{"@id":"https:\/\/www.lesacduberger.com\/#organization"},"potentialAction":[{"@type":"SearchAction","target":{"@type":"EntryPoint","urlTemplate":"https:\/\/www.lesacduberger.com\/?s={search_term_string}"},"query-input":{"@type":"PropertyValueSpecification","valueRequired":true,"valueName":"search_term_string"}}],"inLanguage":"en-US"},{"@type":"Organization","@id":"https:\/\/www.lesacduberger.com\/#organization","name":"Le Sac du Berger","url":"https:\/\/www.lesacduberger.com\/","logo":{"@type":"ImageObject","inLanguage":"en-US","@id":"https:\/\/www.lesacduberger.com\/#\/schema\/logo\/image\/","url":"https:\/\/www.lesacduberger.com\/wp-content\/uploads\/2020\/09\/Logo-Sac-du-Berger-blanc-OK.png","contentUrl":"https:\/\/www.lesacduberger.com\/wp-content\/uploads\/2020\/09\/Logo-Sac-du-Berger-blanc-OK.png","width":2093,"height":510,"caption":"Le Sac du Berger"},"image":{"@id":"https:\/\/www.lesacduberger.com\/#\/schema\/logo\/image\/"},"sameAs":["https:\/\/www.facebook.com\/lesacduberger","https:\/\/www.instagram.com\/lesacduberger\/?hl=fr"]}]}},"_links":{"self":[{"href":"https:\/\/www.lesacduberger.com\/en\/wp-json\/wp\/v2\/product_cat\/669","targetHints":{"allow":["GET"]}}],"collection":[{"href":"https:\/\/www.lesacduberger.com\/en\/wp-json\/wp\/v2\/product_cat"}],"about":[{"href":"https:\/\/www.lesacduberger.com\/en\/wp-json\/wp\/v2\/taxonomies\/product_cat"}],"wp:post_type":[{"href":"https:\/\/www.lesacduberger.com\/en\/wp-json\/wp\/v2\/product?product_cat=669"}],"curies":[{"name":"wp","href":"https:\/\/api.w.org\/{rel}","templated":true}]}}